{"id":13559,"date":"2026-09-04T22:49:41","date_gmt":"2026-09-05T01:49:41","guid":{"rendered":"https:\/\/anoticiadovale.com.br\/?p=13559"},"modified":"2026-09-04T22:49:57","modified_gmt":"2026-09-05T01:49:57","slug":"camara-fortalece-dialogo-com-a-comunidade-em-agendas-com-a-cdl-e-estudantes","status":"publish","type":"post","link":"https:\/\/anoticiadovale.com.br\/index.php\/2026\/09\/04\/camara-fortalece-dialogo-com-a-comunidade-em-agendas-com-a-cdl-e-estudantes\/","title":{"rendered":"C\u00e2mara fortalece di\u00e1logo com a comunidade em agendas com a CDL e estudantes"},"content":{"rendered":"\n<p class=\"wp-block-paragraph\">Rodrigo Braun ocupou a Tribuna do Cidad\u00e3o na sess\u00e3o de segunda-feira; visita do Col\u00e9gio Por Princ\u00edpios ocorreu na tarde de ter\u00e7a-feira<\/p>\n\n\n\n<p class=\"wp-block-paragraph\">Em dois acontecimentos distintos, realizados em dias consecutivos, a C\u00e2mara de Vereadores de Panambi recebeu representantes de diferentes segmentos da comunidade. Na sess\u00e3o ordin\u00e1ria da \u00faltima segunda-feira, 31 de agosto, o presidente da CDL Panambi, Rodrigo Braun, ocupou a Tribuna do Cidad\u00e3o. J\u00e1 na tarde de ter\u00e7a-feira, 1\u00ba de setembro, estudantes do Col\u00e9gio Por Princ\u00edpios participaram de uma visita institucional \u00e0 sede do Poder Legislativo.<\/p>\n\n\n\n<p class=\"wp-block-paragraph\"><strong><em>CDL PANAMBI NA TRIBUNA DO CIDAD\u00c3O &#8211;<\/em><\/strong><\/p>\n\n\n\n<p class=\"wp-block-paragraph\">Durante a sess\u00e3o ordin\u00e1ria de segunda-feira, Rodrigo Braun apresentou aos vereadores e \u00e0 comunidade as principais a\u00e7\u00f5es, projetos, programas e atividades desenvolvidos pela C\u00e2mara de Dirigentes Lojistas de Panambi.<\/p>\n\n\n\n<p class=\"wp-block-paragraph\">A participa\u00e7\u00e3o possibilitou que o trabalho realizado pela entidade fosse apresentado no plen\u00e1rio, aproximando a CDL do Poder Legislativo e ampliando o di\u00e1logo sobre iniciativas relacionadas ao munic\u00edpio e \u00e0 comunidade empresarial panambiense.<\/p>\n\n\n\n<p class=\"wp-block-paragraph\">A presen\u00e7a de Rodrigo Braun ocorreu a convite do presidente da C\u00e2mara, vereador Serchaple. Como o presidente do Legislativo n\u00e3o p\u00f4de estar presente na sess\u00e3o, a vereadora Melissa Vione Zardin o representou na recep\u00e7\u00e3o ao convidado e realizou a manifesta\u00e7\u00e3o institucional da Casa ap\u00f3s a apresenta\u00e7\u00e3o.<\/p>\n\n\n\n<p class=\"wp-block-paragraph\">A Tribuna do Cidad\u00e3o constitui um importante instrumento de participa\u00e7\u00e3o comunit\u00e1ria, permitindo que entidades, organiza\u00e7\u00f5es e cidad\u00e3os apresentem suas atividades, demandas e contribui\u00e7\u00f5es diretamente aos representantes da popula\u00e7\u00e3o.<\/p>\n\n\n\n<p class=\"wp-block-paragraph\"><strong><em>ESTUDANTES CONHECEM O FUNCIONAMENTO DA C\u00c2MARA &#8211;<\/em><\/strong><\/p>\n\n\n\n<p class=\"wp-block-paragraph\">Em uma atividade distinta, realizada na tarde de ter\u00e7a-feira, a C\u00e2mara recebeu duas turmas dos 3\u00ba e 4\u00ba anos do Col\u00e9gio Por Princ\u00edpios.<\/p>\n\n\n\n<p class=\"wp-block-paragraph\">A visita foi acompanhada pelos vereadores Marcelo Hartemink (Republicanos), Marcos Mattos (PL) e Maristela Schemmer (MDB), com os quais as crian\u00e7as puderam conversar, fazer perguntas e compartilhar suas curiosidades sobre o trabalho realizado pelo Poder Legislativo.<\/p>\n\n\n\n<p class=\"wp-block-paragraph\">Durante a atividade, os estudantes conheceram os espa\u00e7os da Casa e receberam explica\u00e7\u00f5es sobre o funcionamento da C\u00e2mara, as atribui\u00e7\u00f5es dos vereadores, a realiza\u00e7\u00e3o das sess\u00f5es, o trabalho das comiss\u00f5es, os instrumentos legislativos e a atua\u00e7\u00e3o dos servidores.<\/p>\n\n\n\n<p class=\"wp-block-paragraph\">O encontro proporcionou uma experi\u00eancia de aprendizado e permitiu que as crian\u00e7as compreendessem, de maneira simples e pr\u00f3xima, como s\u00e3o debatidas e encaminhadas as quest\u00f5es de interesse da popula\u00e7\u00e3o.<\/p>\n\n\n\n<p class=\"wp-block-paragraph\">Embora realizados em momentos e contextos diferentes, os dois acontecimentos demonstram o compromisso da C\u00e2mara de Vereadores com o di\u00e1logo, a transpar\u00eancia, a participa\u00e7\u00e3o cidad\u00e3 e a aproxima\u00e7\u00e3o do Poder Legislativo com a comunidade.<\/p>\n\n\n\n<p class=\"wp-block-paragraph\">A Presid\u00eancia do Legislativo agradece ao Col\u00e9gio Por Princ\u00edpios, aos professores e aos estudantes pela visita e refor\u00e7a que a C\u00e2mara permanece de portas abertas \u00e0s demais escolas do munic\u00edpio interessadas em proporcionar aos seus alunos uma experi\u00eancia de educa\u00e7\u00e3o para a cidadania.<\/p>\n","protected":false},"excerpt":{"rendered":"<p>Rodrigo Braun ocupou a Tribuna do Cidad\u00e3o na sess\u00e3o de segunda-feira; visita do Col\u00e9gio Por Princ\u00edpios ocorreu na tarde de ter\u00e7a-feira Em dois acontecimentos distintos, realizados em dias consecutivos, a C\u00e2mara de Vereadores de Panambi recebeu representantes de diferentes segmentos da comunidade. Na sess\u00e3o ordin\u00e1ria da \u00faltima segunda-feira, 31 de agosto, o presidente da CDL [&hellip;]<\/p>\n","protected":false},"author":2,"featured_media":13560,"comment_status":"closed","ping_status":"open","sticky":false,"template":"","format":"standard","meta":{"footnotes":""},"categories":[33],"tags":[],"class_list":["post-13559","post","type-post","status-publish","format-standard","has-post-thumbnail","hentry","category-educacao"],"_links":{"self":[{"href":"https:\/\/anoticiadovale.com.br\/index.php\/wp-json\/wp\/v2\/posts\/13559","targetHints":{"allow":["GET"]}}],"collection":[{"href":"https:\/\/anoticiadovale.com.br\/index.php\/wp-json\/wp\/v2\/posts"}],"about":[{"href":"https:\/\/anoticiadovale.com.br\/index.php\/wp-json\/wp\/v2\/types\/post"}],"author":[{"embeddable":true,"href":"https:\/\/anoticiadovale.com.br\/index.php\/wp-json\/wp\/v2\/users\/2"}],"replies":[{"embeddable":true,"href":"https:\/\/anoticiadovale.com.br\/index.php\/wp-json\/wp\/v2\/comments?post=13559"}],"version-history":[{"count":1,"href":"https:\/\/anoticiadovale.com.br\/index.php\/wp-json\/wp\/v2\/posts\/13559\/revisions"}],"predecessor-version":[{"id":13561,"href":"https:\/\/anoticiadovale.com.br\/index.php\/wp-json\/wp\/v2\/posts\/13559\/revisions\/13561"}],"wp:featuredmedia":[{"embeddable":true,"href":"https:\/\/anoticiadovale.com.br\/index.php\/wp-json\/wp\/v2\/media\/13560"}],"wp:attachment":[{"href":"https:\/\/anoticiadovale.com.br\/index.php\/wp-json\/wp\/v2\/media?parent=13559"}],"wp:term":[{"taxonomy":"category","embeddable":true,"href":"https:\/\/anoticiadovale.com.br\/index.php\/wp-json\/wp\/v2\/categories?post=13559"},{"taxonomy":"post_tag","embeddable":true,"href":"https:\/\/anoticiadovale.com.br\/index.php\/wp-json\/wp\/v2\/tags?post=13559"}],"curies":[{"name":"wp","href":"https:\/\/api.w.org\/{rel}","templated":true}]}}