{"id":13556,"date":"2026-09-04T22:47:16","date_gmt":"2026-09-05T01:47:16","guid":{"rendered":"https:\/\/anoticiadovale.com.br\/?p=13556"},"modified":"2026-09-04T22:47:29","modified_gmt":"2026-09-05T01:47:29","slug":"o-ingrediente-secreto-uma-valorizacao-da-memoria-afetiva-panambiense","status":"publish","type":"post","link":"https:\/\/anoticiadovale.com.br\/index.php\/2026\/09\/04\/o-ingrediente-secreto-uma-valorizacao-da-memoria-afetiva-panambiense\/","title":{"rendered":"O ingrediente secreto: uma valoriza\u00e7\u00e3o da mem\u00f3ria afetiva panambiense"},"content":{"rendered":"\n<p class=\"wp-block-paragraph\"><strong><em>Uma torta de origem alem\u00e3 que se tornou s\u00edmbolo de afeto familiar e cultural para a comunidade panambiense. Agora, na voz da pequena Maria Isabel, ou Bebel, como gosta de ser chamada, essa hist\u00f3ria promete emocionar leitores de todas as idades.<\/em><\/strong><\/p>\n\n\n\n<p class=\"wp-block-paragraph\">No dia 18 de agosto de 2026, ocorreu o lan\u00e7amento do livro \u201cO ingrediente secreto\u201d, da escritora e ilustradora Nicole Dieter Previatti, na Biblioteca Municipal Adil Alves Malheiros, em um evento aberto ao p\u00fablico.<\/p>\n\n\n\n<p class=\"wp-block-paragraph\">Atrav\u00e9s de suas p\u00e1ginas coloridas, repletas de formas e texturas expressivas, a obra conta a hist\u00f3ria da pequena Bebel em sua busca para desvendar o mist\u00e9rio por tr\u00e1s de uma tradicional iguaria conhecida como \u201cK\u00e4sekuchen\u201d ou \u201cBolo de Queijo\u201d. Nessa aventura, a menina conta com uma ajuda muito especial: sua amada Vozinha.<\/p>\n\n\n\n<p class=\"wp-block-paragraph\">Para escritora, \u201ctransformar essa mem\u00f3ria afetiva e gastron\u00f4mica em narrativa foi um processo t\u00e3o prazeroso quanto o pr\u00f3prio ato de desenhar\u201d. Esse \u00e9 o primeiro livro da escritora, que j\u00e1 coleciona diversas ilustra\u00e7\u00f5es em seu curr\u00edculo.<\/p>\n\n\n\n<p class=\"wp-block-paragraph\">Al\u00e9m disso, o mist\u00e9rio por tr\u00e1s do ingrediente secreto tamb\u00e9m chegou \u00e0s escolas, por meio de conta\u00e7\u00f5es de hist\u00f3rias e experi\u00eancias sensoriais relacionadas \u00e0 obra, al\u00e9m de uma deliciosa oficina de K\u00e4sekuchen, na qual as crian\u00e7as puderam aprender a preparar o bolo da Bebel e da Vozinha.<\/p>\n\n\n\n<p class=\"wp-block-paragraph\">Tamb\u00e9m foram entregues exemplares do livro \u00e0s escolas municipais de Panambi. Ao longo do m\u00eas de setembro, os demais exemplares ser\u00e3o destinados \u00e0s escolas estaduais, particulares e federais do munic\u00edpio, ampliando o acesso \u00e0 obra e \u00e0 hist\u00f3ria \u201cO ingrediente secreto.\u201d<\/p>\n\n\n\n<p class=\"wp-block-paragraph\">O livro foi viabilizado pela Pol\u00edtica Nacional Aldir Blanc, com produ\u00e7\u00e3o cultural da Danna Comunica\u00e7\u00e3o Integrada, apoio e financiamento da Coordenadoria de Cultura de Panambi, Prefeitura de Panambi e Sistema Nacional de Cultura e realiza\u00e7\u00e3o do Minist\u00e9rio da Cultura.<\/p>\n","protected":false},"excerpt":{"rendered":"<p>Uma torta de origem alem\u00e3 que se tornou s\u00edmbolo de afeto familiar e cultural para a comunidade panambiense. Agora, na voz da pequena Maria Isabel, ou Bebel, como gosta de ser chamada, essa hist\u00f3ria promete emocionar leitores de todas as idades. No dia 18 de agosto de 2026, ocorreu o lan\u00e7amento do livro \u201cO ingrediente [&hellip;]<\/p>\n","protected":false},"author":2,"featured_media":13557,"comment_status":"closed","ping_status":"open","sticky":false,"template":"","format":"standard","meta":{"footnotes":""},"categories":[35],"tags":[],"class_list":["post-13556","post","type-post","status-publish","format-standard","has-post-thumbnail","hentry","category-destaque"],"_links":{"self":[{"href":"https:\/\/anoticiadovale.com.br\/index.php\/wp-json\/wp\/v2\/posts\/13556","targetHints":{"allow":["GET"]}}],"collection":[{"href":"https:\/\/anoticiadovale.com.br\/index.php\/wp-json\/wp\/v2\/posts"}],"about":[{"href":"https:\/\/anoticiadovale.com.br\/index.php\/wp-json\/wp\/v2\/types\/post"}],"author":[{"embeddable":true,"href":"https:\/\/anoticiadovale.com.br\/index.php\/wp-json\/wp\/v2\/users\/2"}],"replies":[{"embeddable":true,"href":"https:\/\/anoticiadovale.com.br\/index.php\/wp-json\/wp\/v2\/comments?post=13556"}],"version-history":[{"count":1,"href":"https:\/\/anoticiadovale.com.br\/index.php\/wp-json\/wp\/v2\/posts\/13556\/revisions"}],"predecessor-version":[{"id":13558,"href":"https:\/\/anoticiadovale.com.br\/index.php\/wp-json\/wp\/v2\/posts\/13556\/revisions\/13558"}],"wp:featuredmedia":[{"embeddable":true,"href":"https:\/\/anoticiadovale.com.br\/index.php\/wp-json\/wp\/v2\/media\/13557"}],"wp:attachment":[{"href":"https:\/\/anoticiadovale.com.br\/index.php\/wp-json\/wp\/v2\/media?parent=13556"}],"wp:term":[{"taxonomy":"category","embeddable":true,"href":"https:\/\/anoticiadovale.com.br\/index.php\/wp-json\/wp\/v2\/categories?post=13556"},{"taxonomy":"post_tag","embeddable":true,"href":"https:\/\/anoticiadovale.com.br\/index.php\/wp-json\/wp\/v2\/tags?post=13556"}],"curies":[{"name":"wp","href":"https:\/\/api.w.org\/{rel}","templated":true}]}}