{"id":13553,"date":"2026-09-04T22:44:54","date_gmt":"2026-09-05T01:44:54","guid":{"rendered":"https:\/\/anoticiadovale.com.br\/?p=13553"},"modified":"2026-09-04T22:45:07","modified_gmt":"2026-09-05T01:45:07","slug":"conexoes-sonoras-orquestra-da-ulbra-e-renato-borghetti-emocionam-milhares-de-pessoas-em-uma-noite-que-uniu-musica-memoria-cultura-e-legado","status":"publish","type":"post","link":"https:\/\/anoticiadovale.com.br\/index.php\/2026\/09\/04\/conexoes-sonoras-orquestra-da-ulbra-e-renato-borghetti-emocionam-milhares-de-pessoas-em-uma-noite-que-uniu-musica-memoria-cultura-e-legado\/","title":{"rendered":"Conex\u00f5es Sonoras: Orquestra da Ulbra e Renato Borghetti emocionam milhares de pessoas em uma noite que uniu m\u00fasica, mem\u00f3ria, cultura e legado"},"content":{"rendered":"\n<p class=\"wp-block-paragraph\">Em uma noite em que a m\u00fasica deu voz \u00e0 hist\u00f3ria, Panambi viveu um dos momentos culturais mais marcantes de sua trajet\u00f3ria recente. O projeto <strong>Conex\u00f5es Sonoras<\/strong> reuniu a excel\u00eancia da <strong>Orquestra da Ulbra<\/strong>, sob a reg\u00eancia do maestro Tiago Flores, e a virtuosidade de <strong>Renato Borghetti<\/strong>, um dos maiores nomes da m\u00fasica instrumental brasileira. O concerto contou ainda com a presen\u00e7a das solistas Elisa Machado e Carol Braga, uma performance projetada para emocionar diferentes gera\u00e7\u00f5es de apreciadores da boa m\u00fasica.<\/p>\n\n\n\n<p class=\"wp-block-paragraph\">Realizado na Afucopal, no \u00faltimo s\u00e1bado (29), o encontro ultrapassou os limites de uma apresenta\u00e7\u00e3o musical. Foi uma celebra\u00e7\u00e3o da mem\u00f3ria, do empreendedorismo, da cultura e das pessoas que, ao longo de um s\u00e9culo, contribu\u00edram para transformar Panambi em uma refer\u00eancia de trabalho, inova\u00e7\u00e3o e desenvolvimento.<\/p>\n\n\n\n<p class=\"wp-block-paragraph\">Diante de uma plateia de mil pessoas, a combina\u00e7\u00e3o entre a sofistica\u00e7\u00e3o da m\u00fasica de concerto e a for\u00e7a da identidade cultural ga\u00facha criou uma experi\u00eancia \u00fanica. A cada acorde, o p\u00fablico foi conduzido por uma jornada de emo\u00e7\u00f5es que conectou passado, presente e futuro, em uma homenagem \u00e0 altura dos centen\u00e1rios celebrados.<\/p>\n\n\n\n<p class=\"wp-block-paragraph\">O projeto foi realizado via Lei Rouanet e Pr\u00f3-Cultura RS, com patroc\u00ednio da SAUR e HIDROPAN, produ\u00e7\u00e3o cultural da LC Vilanova Projetos Culturais e da Danna Comunica\u00e7\u00e3o.<\/p>\n\n\n\n<p class=\"wp-block-paragraph\"><strong>Um legado que vai al\u00e9m do espet\u00e1culo &#8211;<\/strong> A ess\u00eancia do Conex\u00f5es Sonoras transcendeu os holofotes do palco. Nas semanas que antecederam a apresenta\u00e7\u00e3o principal, o projeto promoveu oficinas, workshops e masterclasses gratuitas voltadas \u00e0 forma\u00e7\u00e3o musical de estudantes e educadores, fortalecendo o acesso \u00e0 cultura e incentivando novas gera\u00e7\u00f5es de m\u00fasicos. A iniciativa reafirmou a capacidade transformadora da arte e seu papel na forma\u00e7\u00e3o humana e social.<\/p>\n\n\n\n<p class=\"wp-block-paragraph\">Para a produtora cultural da Danna Comunica\u00e7\u00e3o, <strong>Analice Malheiros<\/strong>, o espet\u00e1culo representa a concretiza\u00e7\u00e3o de um projeto constru\u00eddo com dedica\u00e7\u00e3o, prop\u00f3sito e envolvimento coletivo.<\/p>\n\n\n\n<p class=\"wp-block-paragraph\"><strong>\u201cEste espet\u00e1culo grandioso reuniu mil pessoas em uma noite especial de m\u00fasica, emo\u00e7\u00e3o e conex\u00e3o com a nossa comunidade.<\/strong> <strong>Todos os ingressos distribu\u00eddos gratuitamente e devido a divulga\u00e7\u00e3o esgotados rapidamente.\u201d<\/strong><\/p>\n\n\n\n<p class=\"wp-block-paragraph\">Segundo ela, o evento foi resultado de um longo trabalho de planejamento e mobiliza\u00e7\u00e3o.<\/p>\n\n\n\n<p class=\"wp-block-paragraph\"><strong>\u201cForam dois anos de planejamento e a dedica\u00e7\u00e3o de 123 profissionais para tornar esse momento poss\u00edvel. Ver a Orquestra da ULBRA e Renato Borghetti dividindo o palco, unindo a m\u00fasica erudita ao regionalismo, \u00e9 a materializa\u00e7\u00e3o de um projeto pensado com muito cuidado e prop\u00f3sito.\u201d<\/strong><\/p>\n\n\n\n<p class=\"wp-block-paragraph\">Mais do que um espet\u00e1culo, a iniciativa foi concebida como um presente para a comunidade e uma demonstra\u00e7\u00e3o concreta do compromisso das empresas patrocinadoras com o fortalecimento da cultura regional.<\/p>\n\n\n\n<p class=\"wp-block-paragraph\"><strong>Um s\u00e9culo de hist\u00f3ria constru\u00eddo por muitas m\u00e3os &#8211;<\/strong> Representando a Hidropan, o diretor de opera\u00e7\u00f5es e CEO <strong>Eduardo Knorr<\/strong> destacou a emo\u00e7\u00e3o de compartilhar aquele momento com a comunidade.<\/p>\n\n\n\n<p class=\"wp-block-paragraph\"><strong>\u201c\u00c9 muito emocionante ver esta plateia. A energia deste momento \u00e9 incr\u00edvel, e n\u00f3s, da Hidropan, admiramos e valorizamos essa energia. \u00c9 maravilhoso ver a m\u00fasica reunindo tantas pessoas. Hoje \u00e9 uma noite de celebra\u00e7\u00e3o e, acima de tudo, de contempla\u00e7\u00e3o.\u201d<\/strong><\/p>\n\n\n\n<p class=\"wp-block-paragraph\">Ao relacionar a trajet\u00f3ria centen\u00e1ria da empresa ao espet\u00e1culo, Knorr utilizou uma met\u00e1fora que sintetizou o esp\u00edrito da noite.<\/p>\n\n\n\n<p class=\"wp-block-paragraph\"><strong>\u201cConstruir uma hist\u00f3ria de 100 anos da Hidropan \u00e9 como reger uma orquestra: exige tempo, talento, dedica\u00e7\u00e3o, precis\u00e3o, trabalho conjunto e instrumentos afinados em um mesmo ideal e prop\u00f3sito.\u201d<\/strong><\/p>\n\n\n\n<p class=\"wp-block-paragraph\">Ao recordar as origens da companhia, ele destacou o impacto dos pioneiros que deram in\u00edcio \u00e0 gera\u00e7\u00e3o de energia e impulsionaram o desenvolvimento regional.<\/p>\n\n\n\n<p class=\"wp-block-paragraph\"><strong>\u201cH\u00e1 exatamente um s\u00e9culo, quando a primeira turbina da Hidropan foi ligada no Rio Alegre, meu bisav\u00f4, Carlos Ernesto Knorr, e os pioneiros da \u00e9poca n\u00e3o estavam apenas gerando energia. A partir daquele marco, a eletricidade passou a iluminar ruas e lares, contribuindo diretamente para o desenvolvimento de Panambi e Condor. Eles estavam tocando o primeiro acorde de uma hist\u00f3ria que transformaria a nossa terra em um polo de trabalho, inova\u00e7\u00e3o e prosperidade.\u201d<\/strong><\/p>\n\n\n\n<p class=\"wp-block-paragraph\">A celebra\u00e7\u00e3o dos centen\u00e1rios foi, acima de tudo, uma rever\u00eancia \u00e0 vis\u00e3o daqueles que acreditaram no progresso e deixaram como heran\u00e7a muito mais do que neg\u00f3cios bem-sucedidos. Deixaram valores, prop\u00f3sito e o compromisso permanente com o desenvolvimento das comunidades onde atuam.<\/p>\n\n\n\n<p class=\"wp-block-paragraph\"><strong>\u201cA nossa partitura sempre teve desafios e, acima de tudo, resili\u00eancia. O projeto Conex\u00f5es Sonoras representa perfeitamente o prop\u00f3sito da Hidropan: conectar pessoas. A energia que produzimos ganha seu verdadeiro significado quando impulsiona a arte e apoia a cultura, fortalecendo o esp\u00edrito da nossa comunidade.\u201d<\/strong><\/p>\n\n\n\n<p class=\"wp-block-paragraph\"><strong>Cem anos de valores, coragem e responsabilidade<\/strong><\/p>\n\n\n\n<p class=\"wp-block-paragraph\">Um dos momentos mais emocionantes da cerim\u00f4nia foi a manifesta\u00e7\u00e3o da presidente da Saur Equipamentos, <strong>Ingrid Saur<\/strong>, acompanhada pela diretora corporativa <strong>Miriam Saur Heusner<\/strong>. Em sua fala, Ingrid conduziu uma reflex\u00e3o sobre o verdadeiro significado de completar um s\u00e9culo de hist\u00f3ria.<\/p>\n\n\n\n<p class=\"wp-block-paragraph\"><strong>\u201cCelebrar 100 anos da Saur e da Hidropan \u00e9 muito mais do que comemorar uma data. \u00c9 reconhecer a coragem daqueles que come\u00e7aram essa trajet\u00f3ria h\u00e1 um s\u00e9culo, enfrentando desafios, acreditando no trabalho, nas pessoas e em um futuro melhor.\u201d<\/strong><\/p>\n\n\n\n<p class=\"wp-block-paragraph\">Ao homenagear os fundadores e as gera\u00e7\u00f5es que deram continuidade ao legado, ela destacou os valores recebidos como heran\u00e7a.<\/p>\n\n\n\n<p class=\"wp-block-paragraph\"><strong>\u201cRecebemos deles muito mais do que empresas. Recebemos valores, princ\u00edpios, exemplos e a responsabilidade de preservar e ampliar esse legado para as pr\u00f3ximas gera\u00e7\u00f5es. Se hoje estamos aqui celebrando, \u00e9 porque muitas m\u00e3os trabalharam antes das nossas, muitas pessoas acreditaram antes de n\u00f3s e muitas gera\u00e7\u00f5es dedicaram suas vidas \u00e0 constru\u00e7\u00e3o desta hist\u00f3ria.\u201d<\/strong><\/p>\n\n\n\n<p class=\"wp-block-paragraph\">Em um dos trechos mais simb\u00f3licos de seu pronunciamento, Ingrid associou a hist\u00f3ria das empresas \u00e0 harmonia da m\u00fasica que preenchia o palco naquela noite.<\/p>\n\n\n\n<p class=\"wp-block-paragraph\"><strong>\u201cAssim como uma grande obra \u00e9 constru\u00edda por diferentes instrumentos em perfeita harmonia, nossa hist\u00f3ria foi constru\u00edda por diferentes gera\u00e7\u00f5es, talentos e desafios, unidos por um mesmo prop\u00f3sito.\u201d<\/strong><\/p>\n\n\n\n<p class=\"wp-block-paragraph\">Projetando o futuro, ela ressaltou a responsabilidade de honrar o passado sem perder de vista a inova\u00e7\u00e3o e o compromisso com a comunidade.<\/p>\n\n\n\n<p class=\"wp-block-paragraph\"><strong>\u201cQue os pr\u00f3ximos cem anos sejam escritos com a mesma coragem, f\u00e9 e determina\u00e7\u00e3o que inspiraram nossos fundadores, e que sejam guiados pela inova\u00e7\u00e3o, pelo trabalho, pelo respeito \u00e0s pessoas, \u00e0 comunidade e \u00e0 natureza.\u201d<\/strong><\/p>\n","protected":false},"excerpt":{"rendered":"<p>Em uma noite em que a m\u00fasica deu voz \u00e0 hist\u00f3ria, Panambi viveu um dos momentos culturais mais marcantes de sua trajet\u00f3ria recente. O projeto Conex\u00f5es Sonoras reuniu a excel\u00eancia da Orquestra da Ulbra, sob a reg\u00eancia do maestro Tiago Flores, e a virtuosidade de Renato Borghetti, um dos maiores nomes da m\u00fasica instrumental brasileira. [&hellip;]<\/p>\n","protected":false},"author":2,"featured_media":13554,"comment_status":"closed","ping_status":"open","sticky":false,"template":"","format":"standard","meta":{"footnotes":""},"categories":[35],"tags":[],"class_list":["post-13553","post","type-post","status-publish","format-standard","has-post-thumbnail","hentry","category-destaque"],"_links":{"self":[{"href":"https:\/\/anoticiadovale.com.br\/index.php\/wp-json\/wp\/v2\/posts\/13553","targetHints":{"allow":["GET"]}}],"collection":[{"href":"https:\/\/anoticiadovale.com.br\/index.php\/wp-json\/wp\/v2\/posts"}],"about":[{"href":"https:\/\/anoticiadovale.com.br\/index.php\/wp-json\/wp\/v2\/types\/post"}],"author":[{"embeddable":true,"href":"https:\/\/anoticiadovale.com.br\/index.php\/wp-json\/wp\/v2\/users\/2"}],"replies":[{"embeddable":true,"href":"https:\/\/anoticiadovale.com.br\/index.php\/wp-json\/wp\/v2\/comments?post=13553"}],"version-history":[{"count":1,"href":"https:\/\/anoticiadovale.com.br\/index.php\/wp-json\/wp\/v2\/posts\/13553\/revisions"}],"predecessor-version":[{"id":13555,"href":"https:\/\/anoticiadovale.com.br\/index.php\/wp-json\/wp\/v2\/posts\/13553\/revisions\/13555"}],"wp:featuredmedia":[{"embeddable":true,"href":"https:\/\/anoticiadovale.com.br\/index.php\/wp-json\/wp\/v2\/media\/13554"}],"wp:attachment":[{"href":"https:\/\/anoticiadovale.com.br\/index.php\/wp-json\/wp\/v2\/media?parent=13553"}],"wp:term":[{"taxonomy":"category","embeddable":true,"href":"https:\/\/anoticiadovale.com.br\/index.php\/wp-json\/wp\/v2\/categories?post=13553"},{"taxonomy":"post_tag","embeddable":true,"href":"https:\/\/anoticiadovale.com.br\/index.php\/wp-json\/wp\/v2\/tags?post=13553"}],"curies":[{"name":"wp","href":"https:\/\/api.w.org\/{rel}","templated":true}]}}