{"id":13550,"date":"2026-09-04T22:42:43","date_gmt":"2026-09-05T01:42:43","guid":{"rendered":"https:\/\/anoticiadovale.com.br\/?p=13550"},"modified":"2026-09-04T22:43:04","modified_gmt":"2026-09-05T01:43:04","slug":"emater-rs-ascar-anuncia-estimativas-iniciais-da-safra-de-verao-no-rio-grande-do-sul","status":"publish","type":"post","link":"https:\/\/anoticiadovale.com.br\/index.php\/2026\/09\/04\/emater-rs-ascar-anuncia-estimativas-iniciais-da-safra-de-verao-no-rio-grande-do-sul\/","title":{"rendered":"Emater\/RS-Ascar anuncia estimativas iniciais da safra de ver\u00e3o no Rio Grande do Sul"},"content":{"rendered":"\n<p class=\"wp-block-paragraph\"><strong><em>Proje\u00e7\u00f5es foram apresentadas durante a 49\u00aa Expointer na ter\u00e7a-feira (1\/9).<\/em><\/strong><\/p>\n\n\n\n<p class=\"wp-block-paragraph\">A \u00e1rea a ser cultivada com milho no Rio Grande do Sul na safra 2026\/2027 deve ser 7,42% maior do que a safra passada, alcan\u00e7ando 896.401 hectares, e uma produ\u00e7\u00e3o de 6.911.954 toneladas, 7,18% maior do que as 6.448.709 toneladas obtidas na safra passada. A produtividade estimada para o milho \u00e9 de 7.711 kg\/ha, o que corresponde a 0,25% menos do que a da safra passada, que foi de 7.730 kg\/ha.<\/p>\n\n\n\n<p class=\"wp-block-paragraph\">As proje\u00e7\u00f5es iniciais da Safra de Gr\u00e3os de Ver\u00e3o foram apresentadas pela Emater\/RS-Ascar na ter\u00e7a-feira (1\/9), em Caf\u00e9 da Manh\u00e3 para a Imprensa, durante a 49\u00aa Expointer, que ocorre at\u00e9 domingo (6\/9), no Parque Estadual de Exposi\u00e7\u00f5es Assis Brasil, em Esteio. O levantamento foi feito entre 10 e 24 de agosto, envolvendo quase a totalidade dos munic\u00edpios produtores de soja, milho, milho silagem, feij\u00e3o e arroz.<\/p>\n\n\n\n<p class=\"wp-block-paragraph\">De acordo com as estimativas iniciais, o Rio Grande do Sul deve atingir uma produ\u00e7\u00e3o de 35.639.371 toneladas, 8,64% a mais do que a safra passada. O total em \u00e1rea, em contrapartida, dever\u00e1 ter redu\u00e7\u00e3o de 0,37. H\u00e1 a proje\u00e7\u00e3o de cultivo de 8.428.151 hectares.<\/p>\n\n\n\n<p class=\"wp-block-paragraph\"><strong><em>SOJA &#8211;<\/em><\/strong> A soja \u00e9 a cultura que impulsiona essa produ\u00e7\u00e3o, com 21.151.135 toneladas, 15,32% superior \u00e0 produ\u00e7\u00e3o obtida na safra passada, que foi de 18.341.586 toneladas, obtidas a partir da produtividade m\u00e9dia estimada em 3.183 kg\/ha, ou 16,37% superior \u00e0 passada, que foi de 2.735 kg\/ha. Para esta safra, a \u00e1rea a ser cultivada com soja ser\u00e1 de 6.645.384 hectares, ou seja, 0,92% menor do que a safra passada, que foi de 6.707.017 hectares.<\/p>\n\n\n\n<p class=\"wp-block-paragraph\"><strong><em>FEIJ\u00c3O &#8211;<\/em><\/strong> No caso do feij\u00e3o 1\u00aa safra, a produtividade projeta um aumento de 8,10% em rela\u00e7\u00e3o \u00e0 safra anterior, passando de 1.627 kg\/ha para 1.759 kg\/ha na safra de ver\u00e3o, o que deve gerar 43.244 toneladas, 1,20% a mais do que as 42.732 toneladas obtidas na safra anterior. A \u00e1rea a ser cultivada com feij\u00e3o 1\u00aa safra no RS \u00e9 estimada em 24.587 hectares, ou seja, -6,36% menor do que 26.258 hectares da safra passada.<\/p>\n\n\n\n<p class=\"wp-block-paragraph\"><strong><em>MILHO SILAGEM &#8211;<\/em><\/strong> O milho silagem \u00e9 a cultura que apresenta pequenos aumentos para a pr\u00f3xima safra, tanto em \u00e1rea (0,19%), como em produtividade (3,36%) e em produ\u00e7\u00e3o (3,58%). Para a safra 2026\/2027, est\u00e1 previsto o plantio de 369.389 hectares com milho silagem. Na safra 2025\/2026 foram cultivados 368.692 hectares. Com uma produtividade m\u00e9dia estimada em 38.392 kg\/ha (na anterior, 37.144 kg\/ha), a produ\u00e7\u00e3o de milho silagem nesta safra dever\u00e1 ser de 14.181.712 toneladas (13.692.153 toneladas na safra anterior).<\/p>\n\n\n\n<p class=\"wp-block-paragraph\"><strong><em>ARROZ &#8211;<\/em><\/strong> No arroz, deve haver queda na \u00e1rea cultivada e na produ\u00e7\u00e3o. A proje\u00e7\u00e3o \u00e9 de 861.779 hectares cultivados contra os 891.909 da safra anterior, uma redu\u00e7\u00e3o de 3,4%. A produ\u00e7\u00e3o e a produtividade devem ter redu\u00e7\u00e3o de 5,49% e 2,21% respectivamente. As 7.970.527 toneladas produzidas na safra 2025\/2026 devem reduzir para 7.533.037, enquanto a produtividade deve cair de 8.939 kg\/ha para 8.741 kg\/ha.<\/p>\n\n\n\n<p class=\"wp-block-paragraph\"><strong><em>AVALIA\u00c7\u00d5ES &#8211;<\/em><\/strong> Ao avaliar a safra de ver\u00e3o no Rio Grande do Sul, o presidente da Emater\/RS, Claudinei Baldissera, destacou o crescimento da \u00e1rea do milho gr\u00e3o, em compara\u00e7\u00e3o \u00e0 safra anterior e \u00e0 de 2024\/2025. \u201cEsse aumento de \u00e1rea se associa a fatores como a utiliza\u00e7\u00e3o de irriga\u00e7\u00e3o e de sementes de boa qualidade\u201d. Ele ressaltou o posicionamento do milho como uma cultura que busca a melhor performance em estabilidade clim\u00e1tica, se fortalecendo como um importante fator na rota\u00e7\u00e3o de culturas.<\/p>\n\n\n\n<p class=\"wp-block-paragraph\">Baldissera observou que o milho silagem tamb\u00e9m apresenta um leve crescimento de \u00e1rea a ser cultivada. \u201c\u00c9 uma \u00e1rea expressiva e que representa uma fonte de alimenta\u00e7\u00e3o bastante importante para o setor da prote\u00edna animal, encontrada em todas as regi\u00f5es do Estado.\u201d<\/p>\n\n\n\n<p class=\"wp-block-paragraph\">Para o diretor-t\u00e9cnico da Emater\/RS, Mateus Soares da Rocha, um dos principais desafios para a pr\u00f3xima safra ser\u00e1 o endividamento dos produtores rurais, condi\u00e7\u00e3o que restringe o acesso ao cr\u00e9dito junto aos agentes financeiros p\u00fablicos e privados. Soma-se a esse cen\u00e1rio o elevado custo dos seguros agr\u00edcolas e do Proagro, que aumenta a exposi\u00e7\u00e3o financeira dos produtores e pode limitar a capacidade de investimento e de contrata\u00e7\u00e3o de mecanismos de prote\u00e7\u00e3o contra riscos clim\u00e1ticos e produtivos.<\/p>\n\n\n\n<p class=\"wp-block-paragraph\">Nesse contexto, destaca-se a necessidade de acompanhamento t\u00e9cnico sistem\u00e1tico e de qualifica\u00e7\u00e3o da gest\u00e3o dos custos e dos riscos ao longo de todo o ciclo produtivo. Esse acompanhamento deve iniciar no per\u00edodo de pr\u00e9-plantio, contemplando a defini\u00e7\u00e3o das culturas, o planejamento financeiro e a an\u00e1lise de riscos; prosseguir durante a implanta\u00e7\u00e3o e o desenvolvimento das lavouras, com o monitoramento das condi\u00e7\u00f5es clim\u00e1ticas e agron\u00f4micas; e estender-se ao per\u00edodo p\u00f3s-colheita, especialmente no planejamento da comercializa\u00e7\u00e3o e da gest\u00e3o da renda obtida.<\/p>\n\n\n\n<p class=\"wp-block-paragraph\">\u201cN\u00e3o existe margem para erro\u201d, destacou o diretor-t\u00e9cnico, ao avaliar as condi\u00e7\u00f5es para a pr\u00f3xima safra. Entre os fatores de maior preocupa\u00e7\u00e3o est\u00e1 a ocorr\u00eancia do El Ni\u00f1o, que poder\u00e1 interferir no in\u00edcio da implanta\u00e7\u00e3o das culturas de ver\u00e3o. A previs\u00e3o de chuvas acima do normal pode reduzir a janela de plantio, provocar dificuldades de acesso \u00e0s \u00e1reas e resultar em menor disponibilidade de radia\u00e7\u00e3o solar. Essas condi\u00e7\u00f5es podem comprometer o estabelecimento inicial das lavouras e reduzir o potencial produtivo.<\/p>\n\n\n\n<p class=\"wp-block-paragraph\">Apesar dos desafios, h\u00e1 tamb\u00e9m aspectos positivos nas perspectivas para a safra. Entre eles est\u00e1 o aumento da estimativa de \u00e1rea e\/ou produ\u00e7\u00e3o de milho, cultura que apresenta maior adapta\u00e7\u00e3o e resposta produtiva em condi\u00e7\u00f5es associadas ao El Ni\u00f1o.<\/p>\n\n\n\n<p class=\"wp-block-paragraph\">Em sentido contr\u00e1rio, observa-se uma redu\u00e7\u00e3o estimada de 61.633 hectares na \u00e1rea de soja, concentrada principalmente em regi\u00f5es consideradas de menor aptid\u00e3o para a cultura. Destacam-se, nesse movimento, \u00e1reas localizadas nas regionais de Porto Alegre e Soledade, onde as condi\u00e7\u00f5es edafoclim\u00e1ticas e de risco produtivo contribuem para a redu\u00e7\u00e3o da \u00e1rea destinada \u00e0 oleaginosa. Diante desse cen\u00e1rio, o planejamento da safra dever\u00e1 combinar gest\u00e3o financeira, an\u00e1lise de risco, orienta\u00e7\u00e3o t\u00e9cnica, planejamento clim\u00e1tico e estrat\u00e9gias de comercializa\u00e7\u00e3o, refor\u00e7ando a disposi\u00e7\u00e3o e o papel da assist\u00eancia t\u00e9cnica e extens\u00e3o rural na tomada de decis\u00e3o dos agricultores.&nbsp;<\/p>\n\n\n\n<p class=\"wp-block-paragraph\">A capacidade de antecipar riscos e ajustar as decis\u00f5es produtivas ao longo do ciclo ser\u00e1 fundamental para preservar a renda das fam\u00edlias e reduzir a vulnerabilidade diante de um ambiente marcado pelo endividamento, pelos custos elevados de prote\u00e7\u00e3o e pela maior variabilidade clim\u00e1tica.<\/p>\n\n\n\n<p class=\"wp-block-paragraph\"><strong><em>PREVIS\u00c3O METEOROL\u00d3GICA &#8211;<\/em><\/strong> De acordo com o meteorologista e coordenador do Sistema de Monitoramento e Alertas Agroclim\u00e1ticos do Rio Grande do Sul (Simagro), Fl\u00e1vio Varone, em fun\u00e7\u00e3o do fen\u00f4meno El Ni\u00f1o, que deve se intensificar na primavera, quando iniciam os plantios dos gr\u00e3os da safra de ver\u00e3o, a previs\u00e3o \u00e9 de precipita\u00e7\u00f5es superiores \u00e0 m\u00e9dia. \u201cA primavera apresenta probabilidade para um El Ni\u00f1o forte\/muito forte, com temperatura m\u00e9dia e chuvas intensas acima das normais para o Estado, e sem previs\u00e3o de geadas tardias\u201d, avalia.<\/p>\n\n\n\n<p class=\"wp-block-paragraph\">Para o in\u00edcio do ver\u00e3o, Varone projeta atraso na semeadura e doen\u00e7as nas culturas, pela alta temperatura e umidade excessiva potencializadas pela diminui\u00e7\u00e3o da luminosidade e opera\u00e7\u00e3o dificultada no campo. <em>(fonte: Ascom Emater\/RS-Ascar).<\/em><\/p>\n","protected":false},"excerpt":{"rendered":"<p>Proje\u00e7\u00f5es foram apresentadas durante a 49\u00aa Expointer na ter\u00e7a-feira (1\/9). A \u00e1rea a ser cultivada com milho no Rio Grande do Sul na safra 2026\/2027 deve ser 7,42% maior do que a safra passada, alcan\u00e7ando 896.401 hectares, e uma produ\u00e7\u00e3o de 6.911.954 toneladas, 7,18% maior do que as 6.448.709 toneladas obtidas na safra passada. A [&hellip;]<\/p>\n","protected":false},"author":2,"featured_media":13551,"comment_status":"closed","ping_status":"open","sticky":false,"template":"","format":"standard","meta":{"footnotes":""},"categories":[32],"tags":[],"class_list":["post-13550","post","type-post","status-publish","format-standard","has-post-thumbnail","hentry","category-agro"],"_links":{"self":[{"href":"https:\/\/anoticiadovale.com.br\/index.php\/wp-json\/wp\/v2\/posts\/13550","targetHints":{"allow":["GET"]}}],"collection":[{"href":"https:\/\/anoticiadovale.com.br\/index.php\/wp-json\/wp\/v2\/posts"}],"about":[{"href":"https:\/\/anoticiadovale.com.br\/index.php\/wp-json\/wp\/v2\/types\/post"}],"author":[{"embeddable":true,"href":"https:\/\/anoticiadovale.com.br\/index.php\/wp-json\/wp\/v2\/users\/2"}],"replies":[{"embeddable":true,"href":"https:\/\/anoticiadovale.com.br\/index.php\/wp-json\/wp\/v2\/comments?post=13550"}],"version-history":[{"count":1,"href":"https:\/\/anoticiadovale.com.br\/index.php\/wp-json\/wp\/v2\/posts\/13550\/revisions"}],"predecessor-version":[{"id":13552,"href":"https:\/\/anoticiadovale.com.br\/index.php\/wp-json\/wp\/v2\/posts\/13550\/revisions\/13552"}],"wp:featuredmedia":[{"embeddable":true,"href":"https:\/\/anoticiadovale.com.br\/index.php\/wp-json\/wp\/v2\/media\/13551"}],"wp:attachment":[{"href":"https:\/\/anoticiadovale.com.br\/index.php\/wp-json\/wp\/v2\/media?parent=13550"}],"wp:term":[{"taxonomy":"category","embeddable":true,"href":"https:\/\/anoticiadovale.com.br\/index.php\/wp-json\/wp\/v2\/categories?post=13550"},{"taxonomy":"post_tag","embeddable":true,"href":"https:\/\/anoticiadovale.com.br\/index.php\/wp-json\/wp\/v2\/tags?post=13550"}],"curies":[{"name":"wp","href":"https:\/\/api.w.org\/{rel}","templated":true}]}}