{"id":13544,"date":"2026-09-04T22:35:10","date_gmt":"2026-09-05T01:35:10","guid":{"rendered":"https:\/\/anoticiadovale.com.br\/?p=13544"},"modified":"2026-09-04T22:35:21","modified_gmt":"2026-09-05T01:35:21","slug":"ijui-suspeito-de-furtos-em-serie-e-preso-pela-brigada-militar-na-area-central-do-municipio","status":"publish","type":"post","link":"https:\/\/anoticiadovale.com.br\/index.php\/2026\/09\/04\/ijui-suspeito-de-furtos-em-serie-e-preso-pela-brigada-militar-na-area-central-do-municipio\/","title":{"rendered":"IJU\u00cd: Suspeito de furtos em s\u00e9rie \u00e9 preso pela Brigada Militar na \u00e1rea central do munic\u00edpio"},"content":{"rendered":"\n<p class=\"wp-block-paragraph\">Um homem de 48 anos, com diversas passagens policiais pelo crime de furto, foi preso pelo policiamento ostensivo da Brigada Militar, em Iju\u00ed, ap\u00f3s ser flagrado em mais um crime patrimonial em uma farm\u00e1cia, localizada na \u00e1rea central do munic\u00edpio. Segundo informa\u00e7\u00f5es, ele \u00e9 apontado como autor de v\u00e1rios furtos registrados no munic\u00edpio. Ap\u00f3s a pris\u00e3o, o homem foi conduzido \u00e0 Delegacia de Pol\u00edcia (<em>foto<\/em>), onde o flagrante foi lavrado pela autoridade policial. Ainda durante a madrugada, o elemento foi recolhido novamente \u00e0 Penitenci\u00e1ria Modulada de Iju\u00ed, onde permanecer\u00e1 \u00e0 disposi\u00e7\u00e3o da Justi\u00e7a. <em>(Rep\u00f3rter Janio Fernandes)<\/em><\/p>\n","protected":false},"excerpt":{"rendered":"<p>Um homem de 48 anos, com diversas passagens policiais pelo crime de furto, foi preso pelo policiamento ostensivo da Brigada Militar, em Iju\u00ed, ap\u00f3s ser flagrado em mais um crime patrimonial em uma farm\u00e1cia, localizada na \u00e1rea central do munic\u00edpio. Segundo informa\u00e7\u00f5es, ele \u00e9 apontado como autor de v\u00e1rios furtos registrados no munic\u00edpio. Ap\u00f3s a [&hellip;]<\/p>\n","protected":false},"author":2,"featured_media":13545,"comment_status":"closed","ping_status":"open","sticky":false,"template":"","format":"standard","meta":{"footnotes":""},"categories":[31],"tags":[],"class_list":["post-13544","post","type-post","status-publish","format-standard","has-post-thumbnail","hentry","category-manchete"],"_links":{"self":[{"href":"https:\/\/anoticiadovale.com.br\/index.php\/wp-json\/wp\/v2\/posts\/13544","targetHints":{"allow":["GET"]}}],"collection":[{"href":"https:\/\/anoticiadovale.com.br\/index.php\/wp-json\/wp\/v2\/posts"}],"about":[{"href":"https:\/\/anoticiadovale.com.br\/index.php\/wp-json\/wp\/v2\/types\/post"}],"author":[{"embeddable":true,"href":"https:\/\/anoticiadovale.com.br\/index.php\/wp-json\/wp\/v2\/users\/2"}],"replies":[{"embeddable":true,"href":"https:\/\/anoticiadovale.com.br\/index.php\/wp-json\/wp\/v2\/comments?post=13544"}],"version-history":[{"count":1,"href":"https:\/\/anoticiadovale.com.br\/index.php\/wp-json\/wp\/v2\/posts\/13544\/revisions"}],"predecessor-version":[{"id":13546,"href":"https:\/\/anoticiadovale.com.br\/index.php\/wp-json\/wp\/v2\/posts\/13544\/revisions\/13546"}],"wp:featuredmedia":[{"embeddable":true,"href":"https:\/\/anoticiadovale.com.br\/index.php\/wp-json\/wp\/v2\/media\/13545"}],"wp:attachment":[{"href":"https:\/\/anoticiadovale.com.br\/index.php\/wp-json\/wp\/v2\/media?parent=13544"}],"wp:term":[{"taxonomy":"category","embeddable":true,"href":"https:\/\/anoticiadovale.com.br\/index.php\/wp-json\/wp\/v2\/categories?post=13544"},{"taxonomy":"post_tag","embeddable":true,"href":"https:\/\/anoticiadovale.com.br\/index.php\/wp-json\/wp\/v2\/tags?post=13544"}],"curies":[{"name":"wp","href":"https:\/\/api.w.org\/{rel}","templated":true}]}}