{"id":13538,"date":"2026-09-04T22:29:49","date_gmt":"2026-09-05T01:29:49","guid":{"rendered":"https:\/\/anoticiadovale.com.br\/?p=13538"},"modified":"2026-09-04T22:30:00","modified_gmt":"2026-09-05T01:30:00","slug":"ijui-prf-recupera-veiculo-roubado-e-prende-individuo-na-br-285","status":"publish","type":"post","link":"https:\/\/anoticiadovale.com.br\/index.php\/2026\/09\/04\/ijui-prf-recupera-veiculo-roubado-e-prende-individuo-na-br-285\/","title":{"rendered":"IJU\u00cd: PRF recupera ve\u00edculo roubado e prende indiv\u00edduo na BR-285"},"content":{"rendered":"\n<p class=\"wp-block-paragraph\">Em a\u00e7\u00e3o de combate \u00e0 criminalidade desencadeada na BR-285 em Iju\u00ed, a Pol\u00edcia Rodovi\u00e1ria Federal recuperou um ve\u00edculo com registro de roubo e prendeu o motorista. A ocorr\u00eancia teve in\u00edcio ap\u00f3s o condutor desobedecer \u00e0 ordem de parada em frente \u00e0 Unidade Operacional da PRF de Iju\u00ed, sendo abordado logo em seguida.<\/p>\n\n\n\n<p class=\"wp-block-paragraph\">O autom\u00f3vel, um Ford Fiesta de cor vermelha, foi identificado e, ap\u00f3s consulta aos sistemas, os policiais constataram que havia registro de roubo ocorrido na ter\u00e7a-feira (1\u00ba), em Carazinho. O condutor, de 24 anos, foi preso e encaminhado para a pol\u00edcia judici\u00e1ria para lavratura do flagrante. O ve\u00edculo foi apreendido e encaminhado a um p\u00e1tio credenciado. <em>(PRF)<\/em><\/p>\n","protected":false},"excerpt":{"rendered":"<p>Em a\u00e7\u00e3o de combate \u00e0 criminalidade desencadeada na BR-285 em Iju\u00ed, a Pol\u00edcia Rodovi\u00e1ria Federal recuperou um ve\u00edculo com registro de roubo e prendeu o motorista. A ocorr\u00eancia teve in\u00edcio ap\u00f3s o condutor desobedecer \u00e0 ordem de parada em frente \u00e0 Unidade Operacional da PRF de Iju\u00ed, sendo abordado logo em seguida. O autom\u00f3vel, um [&hellip;]<\/p>\n","protected":false},"author":2,"featured_media":13539,"comment_status":"closed","ping_status":"open","sticky":false,"template":"","format":"standard","meta":{"footnotes":""},"categories":[31],"tags":[],"class_list":["post-13538","post","type-post","status-publish","format-standard","has-post-thumbnail","hentry","category-manchete"],"_links":{"self":[{"href":"https:\/\/anoticiadovale.com.br\/index.php\/wp-json\/wp\/v2\/posts\/13538","targetHints":{"allow":["GET"]}}],"collection":[{"href":"https:\/\/anoticiadovale.com.br\/index.php\/wp-json\/wp\/v2\/posts"}],"about":[{"href":"https:\/\/anoticiadovale.com.br\/index.php\/wp-json\/wp\/v2\/types\/post"}],"author":[{"embeddable":true,"href":"https:\/\/anoticiadovale.com.br\/index.php\/wp-json\/wp\/v2\/users\/2"}],"replies":[{"embeddable":true,"href":"https:\/\/anoticiadovale.com.br\/index.php\/wp-json\/wp\/v2\/comments?post=13538"}],"version-history":[{"count":1,"href":"https:\/\/anoticiadovale.com.br\/index.php\/wp-json\/wp\/v2\/posts\/13538\/revisions"}],"predecessor-version":[{"id":13540,"href":"https:\/\/anoticiadovale.com.br\/index.php\/wp-json\/wp\/v2\/posts\/13538\/revisions\/13540"}],"wp:featuredmedia":[{"embeddable":true,"href":"https:\/\/anoticiadovale.com.br\/index.php\/wp-json\/wp\/v2\/media\/13539"}],"wp:attachment":[{"href":"https:\/\/anoticiadovale.com.br\/index.php\/wp-json\/wp\/v2\/media?parent=13538"}],"wp:term":[{"taxonomy":"category","embeddable":true,"href":"https:\/\/anoticiadovale.com.br\/index.php\/wp-json\/wp\/v2\/categories?post=13538"},{"taxonomy":"post_tag","embeddable":true,"href":"https:\/\/anoticiadovale.com.br\/index.php\/wp-json\/wp\/v2\/tags?post=13538"}],"curies":[{"name":"wp","href":"https:\/\/api.w.org\/{rel}","templated":true}]}}