{"id":13535,"date":"2026-09-04T22:27:21","date_gmt":"2026-09-05T01:27:21","guid":{"rendered":"https:\/\/anoticiadovale.com.br\/?p=13535"},"modified":"2026-09-04T22:27:39","modified_gmt":"2026-09-05T01:27:39","slug":"ctd-volei-conquista-o-1o-lugar-no-masculino-em-etapa-da-liga-gaucha","status":"publish","type":"post","link":"https:\/\/anoticiadovale.com.br\/index.php\/2026\/09\/04\/ctd-volei-conquista-o-1o-lugar-no-masculino-em-etapa-da-liga-gaucha\/","title":{"rendered":"CTD V\u00f4lei conquista o 1\u00ba lugar no masculino em etapa da Liga Ga\u00facha"},"content":{"rendered":"\n<p class=\"wp-block-paragraph\">O CTD V\u00f4lei, projeto da Secretaria de Esporte, Lazer e Juventude (SELJ), participou no dia 29 de agosto de mais uma etapa da Liga Ga\u00facha de V\u00f4lei, realizada em Panambi, nas categorias Mirim (Sub-14) Masculino e Feminino.<\/p>\n\n\n\n<p class=\"wp-block-paragraph\">A competi\u00e7\u00e3o reuniu equipes de Panambi, Iju\u00ed, Santo \u00c2ngelo, Horizontina, Santa Rosa, Crissiumal e Tr\u00eas Passos, proporcionando um importante momento de integra\u00e7\u00e3o e competi\u00e7\u00e3o entre jovens atletas da regi\u00e3o.<\/p>\n\n\n\n<p class=\"wp-block-paragraph\">Representando Panambi, algumas turmas do CTD V\u00f4lei estiveram em quadra e tiveram uma participa\u00e7\u00e3o de destaque. No Mirim Masculino, a equipe conquistou o 1\u00ba lugar da etapa, sagrando-se campe\u00e3 da competi\u00e7\u00e3o. Com o resultado, o CTD V\u00f4lei tamb\u00e9m garantiu vaga para a Final Estadual da Liga Ga\u00facha de V\u00f4lei, levando o nome de Panambi para a disputa decisiva da competi\u00e7\u00e3o.<\/p>\n\n\n\n<p class=\"wp-block-paragraph\">A conquista \u00e9 resultado do trabalho desenvolvido nos treinamentos, aliado \u00e0 dedica\u00e7\u00e3o, ao comprometimento e \u00e0 evolu\u00e7\u00e3o dos atletas ao longo da temporada.<\/p>\n\n\n\n<p class=\"wp-block-paragraph\">No Mirim Feminino, o CTD V\u00f4lei encerrou a etapa na 4\u00aa coloca\u00e7\u00e3o. A equipe tamb\u00e9m teve uma participa\u00e7\u00e3o importante, enfrentando diferentes advers\u00e1rios e adquirindo experi\u00eancia em uma competi\u00e7\u00e3o de n\u00edvel regional. O desempenho contribui para o desenvolvimento t\u00e9cnico e coletivo das atletas e para a continuidade do trabalho realizado pelo projeto.<\/p>\n\n\n\n<p class=\"wp-block-paragraph\">A participa\u00e7\u00e3o em competi\u00e7\u00f5es como a Liga Ga\u00facha faz parte da proposta do CTD V\u00f4lei de proporcionar aos jovens atletas n\u00e3o apenas a pr\u00e1tica esportiva, mas tamb\u00e9m experi\u00eancias competitivas que contribuam para sua forma\u00e7\u00e3o, disciplina, trabalho em equipe e desenvolvimento dentro da modalidade.<\/p>\n\n\n\n<p class=\"wp-block-paragraph\">A SELJ parabeniza todos os atletas e professores envolvidos na competi\u00e7\u00e3o pelo empenho e dedica\u00e7\u00e3o, com destaque para a equipe Mirim Masculina pela conquista do t\u00edtulo e pela classifica\u00e7\u00e3o para a Final Estadual da Liga Ga\u00facha de V\u00f4lei.<\/p>\n","protected":false},"excerpt":{"rendered":"<p>O CTD V\u00f4lei, projeto da Secretaria de Esporte, Lazer e Juventude (SELJ), participou no dia 29 de agosto de mais uma etapa da Liga Ga\u00facha de V\u00f4lei, realizada em Panambi, nas categorias Mirim (Sub-14) Masculino e Feminino. A competi\u00e7\u00e3o reuniu equipes de Panambi, Iju\u00ed, Santo \u00c2ngelo, Horizontina, Santa Rosa, Crissiumal e Tr\u00eas Passos, proporcionando um [&hellip;]<\/p>\n","protected":false},"author":2,"featured_media":13536,"comment_status":"closed","ping_status":"open","sticky":false,"template":"","format":"standard","meta":{"footnotes":""},"categories":[37],"tags":[],"class_list":["post-13535","post","type-post","status-publish","format-standard","has-post-thumbnail","hentry","category-esportes"],"_links":{"self":[{"href":"https:\/\/anoticiadovale.com.br\/index.php\/wp-json\/wp\/v2\/posts\/13535","targetHints":{"allow":["GET"]}}],"collection":[{"href":"https:\/\/anoticiadovale.com.br\/index.php\/wp-json\/wp\/v2\/posts"}],"about":[{"href":"https:\/\/anoticiadovale.com.br\/index.php\/wp-json\/wp\/v2\/types\/post"}],"author":[{"embeddable":true,"href":"https:\/\/anoticiadovale.com.br\/index.php\/wp-json\/wp\/v2\/users\/2"}],"replies":[{"embeddable":true,"href":"https:\/\/anoticiadovale.com.br\/index.php\/wp-json\/wp\/v2\/comments?post=13535"}],"version-history":[{"count":1,"href":"https:\/\/anoticiadovale.com.br\/index.php\/wp-json\/wp\/v2\/posts\/13535\/revisions"}],"predecessor-version":[{"id":13537,"href":"https:\/\/anoticiadovale.com.br\/index.php\/wp-json\/wp\/v2\/posts\/13535\/revisions\/13537"}],"wp:featuredmedia":[{"embeddable":true,"href":"https:\/\/anoticiadovale.com.br\/index.php\/wp-json\/wp\/v2\/media\/13536"}],"wp:attachment":[{"href":"https:\/\/anoticiadovale.com.br\/index.php\/wp-json\/wp\/v2\/media?parent=13535"}],"wp:term":[{"taxonomy":"category","embeddable":true,"href":"https:\/\/anoticiadovale.com.br\/index.php\/wp-json\/wp\/v2\/categories?post=13535"},{"taxonomy":"post_tag","embeddable":true,"href":"https:\/\/anoticiadovale.com.br\/index.php\/wp-json\/wp\/v2\/tags?post=13535"}],"curies":[{"name":"wp","href":"https:\/\/api.w.org\/{rel}","templated":true}]}}