{"id":13529,"date":"2026-09-04T22:18:22","date_gmt":"2026-09-05T01:18:22","guid":{"rendered":"https:\/\/anoticiadovale.com.br\/?p=13529"},"modified":"2026-09-04T22:18:38","modified_gmt":"2026-09-05T01:18:38","slug":"unicruz-2","status":"publish","type":"post","link":"https:\/\/anoticiadovale.com.br\/index.php\/2026\/09\/04\/unicruz-2\/","title":{"rendered":"UNICRUZ"},"content":{"rendered":"\n<p class=\"wp-block-paragraph\">Acad\u00eamicos de Arquitetura e Engenharia<\/p>\n\n\n\n<p class=\"wp-block-paragraph\">fazem visita t\u00e9cnica em obras de restauro<\/p>\n\n\n\n<p class=\"wp-block-paragraph\">Um grupo de alunos dos cursos de Arquitetura e Urbanismo e Engenharia Civil da UNICRUZ, esteve realizando uma visita t\u00e9cnica em obras de restauro e rearquitetura, no territ\u00f3rio urbano do munic\u00edpio de Cruz Alta considerado por especialistas e docentes, como \u201cpol\u00edgono de bens tombados\u201d \u2013 localizado no cruzamento das avenidas General C\u00e2mara e General Os\u00f3rio. A experi\u00eancia acad\u00eamica foi proporcionada pelas professoras Gabriela Soares, Nat\u00e1lia Eckert e \u00c9mille Schmidt Gaklik, na tarde de quarta-feira, dia 26\/08.<\/p>\n\n\n\n<p class=\"wp-block-paragraph\">Foi uma imers\u00e3o pedag\u00f3gica para os acad\u00eamicos dentro do m\u00eas de agosto, considerando a passagem do Dia Nacional do Patrim\u00f4nio Hist\u00f3rico \u2013 institu\u00eddo no dia 17, e o transcurso dos 205 anos de funda\u00e7\u00e3o de Cruz Alta \u2013 no dia 18. Mais do que proporcionar aos estudantes refletir sobre a import\u00e2ncia de proteger os bens materiais, como pr\u00e9dios e monumentos, a visita\u00e7\u00e3o mexeu com elementos fundamentais com foco no futuro profissional de cada um.<\/p>\n\n\n\n<p class=\"wp-block-paragraph\">A primeira obra visitada foi por demais curiosa e atrativa, reunindo duas situa\u00e7\u00f5es: restauro e rearquiteura. Este \u00faltimo, um sistema t\u00e9cnico de interven\u00e7\u00e3o em um edif\u00edcio existente que dialoga com o passado, fazendo uma nova obra e mantendo o im\u00f3vel em seu estado original. Isso vem acontecendo desde novembro de 2024, no casar\u00e3o hist\u00f3rico da fam\u00edlia Dumoncel, cuja exist\u00eancia \u00e9 estimada em data anterior ao ano de 1941. O pr\u00e9dio est\u00e1 localizado na avenida General C\u00e2mara, em posi\u00e7\u00e3o frontal ao Museu Erico Verissimo.<\/p>\n\n\n\n<p class=\"wp-block-paragraph\">O grupo de acad\u00eamicos teve como guia da visita\u00e7\u00e3o o engenheiro Wendel Lucena, integrante da equipe t\u00e9cnica da empresa Marbo Engenharia, que tem sua matriz em Pelotas e foi contratada para execu\u00e7\u00e3o do projeto. O engenheiro detalhou as interven\u00e7\u00f5es que foram feitas de forma cronol\u00f3gica \u2013 desde a limpeza do terreno, estacas e muro de conten\u00e7\u00e3o, como suporte da parte estrutural do pr\u00e9dio, entre muitas outras..<\/p>\n\n\n\n<p class=\"wp-block-paragraph\">De acordo como o engenheiro Wendel Lucena, houve um cuidado especial em preservar o casar\u00e3o mantendo sua fachada original e a maioria dos c\u00f4modos com suas paredes internas \u2013 medindo surpreendentes e incomuns 50 cent\u00edmetros de espessura. A parte do casario est\u00e1 recebendo restauro para abrigar as \u00e1reas administrativa da nova Ag\u00eancia do SICREDI, mais um espa\u00e7o cultural que ainda est\u00e1 em defini\u00e7\u00e3o, muito provavelmente para montagem de um museu ou exposi\u00e7\u00e3o de pe\u00e7as do acervo hist\u00f3rico do banco cooperativo.<\/p>\n\n\n\n<p class=\"wp-block-paragraph\"><strong>UM ANEXO GIGANTESCO \u2013<\/strong> Na parte anexa ao fundo do casar\u00e3o Dumoncel &#8211; \u00e9 que se revela uma obra de dimens\u00f5es extraordin\u00e1rias, dividida em dois andares: subsolo e t\u00e9rreo. S\u00e3o mais de 1.800 metros quadrados de obra constru\u00edda. O acesso aos ve\u00edculos na ag\u00eancia vai se dar pelo lado esquerdo, enquanto outros clientes ingressam pela lateral direita, com rampa de acessibilidade e escadaria para o n\u00edvel superior da ag\u00eancia. O espa\u00e7o de atendimento ao p\u00fablico \u00e9 projetado para receber um grande fluxo de pessoas, em ambientes amplos e, ao mesmo tempo, integrados.<\/p>\n\n\n\n<p class=\"wp-block-paragraph\">A uni\u00e3o da estrutura antiga e a estrutura nova \u2013 foi um dos grandes desafios para a equipe t\u00e9cnica da Construtora Marbo Engenharia, especialmente pelas condi\u00e7\u00f5es de confinamento do trabalho entre as duas edifica\u00e7\u00f5es. Todas as etapas de restauro e rearquitetura impuseram muitas dificuldades operacionais. De acordo com o engenheiro da construtora pelotense Wendel Lucena, quando ele sair aqui de Cruz Alta, vai levar o conhecimento de v\u00e1rias experi\u00eancias adquiridas.<\/p>\n\n\n\n<p class=\"wp-block-paragraph\"><strong>RESTAURO NO MUSEU \u2013<\/strong> A casa\/museu do escritor Erico Ver\u00edssimo \u2013 classificada e tombada pelo IPHAE como bem patrimonial de relev\u00e2ncia hist\u00f3rico-cultural, foi constru\u00edda pelo av\u00f4 do escritor (Franklin Ver\u00edssimo) no ano de 1883. Desde o ano de 1968 pertence a Prefeitura Municipal e em 1986 foi transformada em museu. Neste momento, o pr\u00e9dio passa por um processo de restauro com dota\u00e7\u00e3o or\u00e7ament\u00e1ria de R$ 430 mil reais, do Minist\u00e9rio do Turismo. Temporariamente, o museu foi transferido para o casar\u00e3o hist\u00f3rico da fam\u00edlia Pereira da Veiga, localizado na rua Mariz e Barros esquina Ven\u00e2ncio Aires (ao lado da Livraria Centen\u00e1ria).<\/p>\n\n\n\n<p class=\"wp-block-paragraph\">A visita guiada pela Casa\/Museu Erico Verissimo teve, na recep\u00e7\u00e3o aos acad\u00eamicos, a presen\u00e7a da Secretaria Municipal de Planejamento e Assuntos Estrat\u00e9gicos B\u00e1rbara Vieira Nogueira e o Arquiteto e Urbanista Alisson Maidana. Ambos comentaram sobre as normas que s\u00e3o impostas e fiscalizadas pelo instituto IPHAE, periodicamente, com exig\u00eancia de relat\u00f3rios de todas as interven\u00e7\u00f5es. A secret\u00e1ria B\u00e1rbara comentou que, entre outras exig\u00eancias t\u00e9cnicas, est\u00e1 a fidelidade \u00e0s cores originais do pr\u00e9dio, sem alterar a percep\u00e7\u00e3o da imagem, tendo como ponto cave a preserva\u00e7\u00e3o da edifica\u00e7\u00e3o de relev\u00e2ncia hist\u00f3rica e cultural do munic\u00edpio. &nbsp;<\/p>\n\n\n\n<p class=\"wp-block-paragraph\">Dentre as etapas previstas para o restauro, a acessibilidade para o museu ter\u00e1 a instala\u00e7\u00e3o de uma plataforma elevat\u00f3ria, a partir da cal\u00e7ada at\u00e9 o corredor lateral, onde uma rampa vai conduzir \u00e0 porta de acesso principal. Chamou a aten\u00e7\u00e3o dos acad\u00eamicos da Unicruz, um corte em detalhe na parede da casa &#8211; que exp\u00f5e uma t\u00e9cnica antiga conhecida pelo nome de estuque. \u201cA parede de estuque sobre fasquiado de madeira, tamb\u00e9m denominada de tabique estucado, era uma t\u00e9cnica comum no final do s\u00e9culo XIX\u201d, explicou a secret\u00e1ria B\u00e1rbara Nogueira.&nbsp;<\/p>\n\n\n\n<p class=\"wp-block-paragraph\">A Coordenadora do Curso de Arquitetura e Urbanismo professora Gabriela Soares, refor\u00e7ou que esta t\u00e9cnica foi utilizada pelos construtores da \u00e9poca, por que conferia isolamento t\u00e9rmico e durabilidade. Visualizar esses padr\u00f5es proporciona aos acad\u00eamicos dos Curso de Arquitetura e Urbanismo e Engenharia Civil, uma vivencia fora do ambiente acad\u00eamico, voltada as experi\u00eancias pr\u00e1ticas do canteiro de obras, formando futuros profissionais que aliam desta maneira os conhecimentos te\u00f3rico e pr\u00e1tico mais necess\u00e1rios para ambas as \u00e1reas. <em>(Texto e fotos: Fotos jornalista Luiz Pena Pinheiro).<\/em><\/p>\n","protected":false},"excerpt":{"rendered":"<p>Acad\u00eamicos de Arquitetura e Engenharia fazem visita t\u00e9cnica em obras de restauro Um grupo de alunos dos cursos de Arquitetura e Urbanismo e Engenharia Civil da UNICRUZ, esteve realizando uma visita t\u00e9cnica em obras de restauro e rearquitetura, no territ\u00f3rio urbano do munic\u00edpio de Cruz Alta considerado por especialistas e docentes, como \u201cpol\u00edgono de bens [&hellip;]<\/p>\n","protected":false},"author":2,"featured_media":13530,"comment_status":"closed","ping_status":"open","sticky":false,"template":"","format":"standard","meta":{"footnotes":""},"categories":[33],"tags":[],"class_list":["post-13529","post","type-post","status-publish","format-standard","has-post-thumbnail","hentry","category-educacao"],"_links":{"self":[{"href":"https:\/\/anoticiadovale.com.br\/index.php\/wp-json\/wp\/v2\/posts\/13529","targetHints":{"allow":["GET"]}}],"collection":[{"href":"https:\/\/anoticiadovale.com.br\/index.php\/wp-json\/wp\/v2\/posts"}],"about":[{"href":"https:\/\/anoticiadovale.com.br\/index.php\/wp-json\/wp\/v2\/types\/post"}],"author":[{"embeddable":true,"href":"https:\/\/anoticiadovale.com.br\/index.php\/wp-json\/wp\/v2\/users\/2"}],"replies":[{"embeddable":true,"href":"https:\/\/anoticiadovale.com.br\/index.php\/wp-json\/wp\/v2\/comments?post=13529"}],"version-history":[{"count":1,"href":"https:\/\/anoticiadovale.com.br\/index.php\/wp-json\/wp\/v2\/posts\/13529\/revisions"}],"predecessor-version":[{"id":13531,"href":"https:\/\/anoticiadovale.com.br\/index.php\/wp-json\/wp\/v2\/posts\/13529\/revisions\/13531"}],"wp:featuredmedia":[{"embeddable":true,"href":"https:\/\/anoticiadovale.com.br\/index.php\/wp-json\/wp\/v2\/media\/13530"}],"wp:attachment":[{"href":"https:\/\/anoticiadovale.com.br\/index.php\/wp-json\/wp\/v2\/media?parent=13529"}],"wp:term":[{"taxonomy":"category","embeddable":true,"href":"https:\/\/anoticiadovale.com.br\/index.php\/wp-json\/wp\/v2\/categories?post=13529"},{"taxonomy":"post_tag","embeddable":true,"href":"https:\/\/anoticiadovale.com.br\/index.php\/wp-json\/wp\/v2\/tags?post=13529"}],"curies":[{"name":"wp","href":"https:\/\/api.w.org\/{rel}","templated":true}]}}