{"id":13522,"date":"2026-09-04T22:13:01","date_gmt":"2026-09-05T01:13:01","guid":{"rendered":"https:\/\/anoticiadovale.com.br\/?p=13522"},"modified":"2026-09-04T22:13:15","modified_gmt":"2026-09-05T01:13:15","slug":"panambi-celebra-sua-historia-e-a-forca-de-sua-gente-na-abertura-da-semana-da-patria","status":"publish","type":"post","link":"https:\/\/anoticiadovale.com.br\/index.php\/2026\/09\/04\/panambi-celebra-sua-historia-e-a-forca-de-sua-gente-na-abertura-da-semana-da-patria\/","title":{"rendered":"Panambi celebra sua hist\u00f3ria e a for\u00e7a de sua gente na Abertura da Semana da P\u00e1tria"},"content":{"rendered":"\n<p class=\"wp-block-paragraph\">Em uma manh\u00e3 marcada por emo\u00e7\u00e3o, orgulho e sentimento de pertencimento, Panambi deu in\u00edcio, no dia 1\u00ba de setembro, \u00e0s comemora\u00e7\u00f5es da Semana da P\u00e1tria. No Audit\u00f3rio da SMEC, autoridades, educadores, estudantes, servidores e comunidade reuniram-se para celebrar n\u00e3o apenas a P\u00e1tria, mas tamb\u00e9m a hist\u00f3ria, a cultura e as pessoas que ajudam, todos os dias, a construir o nosso munic\u00edpio.<\/p>\n\n\n\n<p class=\"wp-block-paragraph\">Com o tema \u201cSons, Sabores e Saberes: a for\u00e7a da nossa gente construindo a P\u00e1tria\u201d, a Semana C\u00edvica deste ano convida a comunidade a olhar para aquilo que lhe identifica e une. S\u00e3o os sons das escolas, das igrejas, das ind\u00fastrias e das ruas; os sabores que carregam mem\u00f3rias e tradi\u00e7\u00f5es, como o tradicional K\u00e4sekuchen; e os saberes de homens, mulheres e profissionais que, com seu trabalho e dedica\u00e7\u00e3o, ajudam a escrever a hist\u00f3ria de Panambi.<\/p>\n\n\n\n<p class=\"wp-block-paragraph\">A celebra\u00e7\u00e3o tamb\u00e9m resgatou importantes cap\u00edtulos da nossa hist\u00f3ria. O tema nacional, \u201cOs Sete Povos das Miss\u00f5es\u201d, que marca os 400 anos do in\u00edcio da implanta\u00e7\u00e3o das Miss\u00f5es Jesu\u00edticas no Sul do continente. J\u00e1 o tema regional homenageia a Pol\u00edcia Civil do Rio Grande do Sul, pelos seus 185 anos de atua\u00e7\u00e3o em defesa da sociedade.<\/p>\n\n\n\n<p class=\"wp-block-paragraph\">A programa\u00e7\u00e3o foi marcada pela chegada do Fogo Simb\u00f3lico, por m\u00fasica, arte e emo\u00e7\u00e3o, com a participa\u00e7\u00e3o da Banda Municipal Sesquicenten\u00e1rio, do Coral Municipal da Oficina de Talentos e do Grupo de Gin\u00e1stica da EMEF Maur\u00edcio Cardoso, mostrando que a educa\u00e7\u00e3o e a cultura t\u00eam papel fundamental na forma\u00e7\u00e3o de cidad\u00e3os e na constru\u00e7\u00e3o da identidade de um povo.<\/p>\n\n\n\n<p class=\"wp-block-paragraph\">Durante a solenidade, Panambi tamb\u00e9m reconheceu pessoas e institui\u00e7\u00f5es que fazem parte de sua trajet\u00f3ria. As homenagens deste ano celebram organiza\u00e7\u00f5es que carregam d\u00e9cadas de hist\u00f3ria, trabalho e contribui\u00e7\u00e3o para o desenvolvimento da comunidade, refor\u00e7ando que uma cidade \u00e9 constru\u00edda pelas m\u00e3os de muitas gera\u00e7\u00f5es.<\/p>\n\n\n\n<p class=\"wp-block-paragraph\">As homenageadas especiais s\u00e3o as senhoras Vera Knorr e Ingrid Saur, representantes de fam\u00edlias cuja trajet\u00f3ria est\u00e1 profundamente entrela\u00e7ada \u00e0 hist\u00f3ria e ao desenvolvimento de Panambi. \u00c0 frente de hist\u00f3rias que atravessam gera\u00e7\u00f5es, elas representam o legado de duas empresas que celebram, em 2026, um s\u00e9culo de presen\u00e7a e contribui\u00e7\u00e3o para o munic\u00edpio: a Hidropan Distribui\u00e7\u00e3o de Energia S.A. e a Saur Equipamentos S.A.<\/p>\n\n\n\n<p class=\"wp-block-paragraph\">Mais do que representar empresas centen\u00e1rias, Vera Knorr e Ingrid Saur simbolizam a for\u00e7a, a dedica\u00e7\u00e3o e o legado de mulheres que fazem parte da constru\u00e7\u00e3o da hist\u00f3ria de Panambi, preservando valores, inspirando novas gera\u00e7\u00f5es e deixando uma marca que ultrapassa o tempo.<\/p>\n\n\n\n<p class=\"wp-block-paragraph\">A Abertura da Semana da P\u00e1tria foi um convite para que cada panambiense reconhe\u00e7a o valor de sua pr\u00f3pria hist\u00f3ria e compreenda que construir a P\u00e1tria tamb\u00e9m significa cuidar da nossa cidade, valorizar nossa gente, preservar nossas mem\u00f3rias e acreditar no futuro.<\/p>\n\n\n\n<p class=\"wp-block-paragraph\">Que os sons, sabores e saberes de Panambi continuem ecoando de gera\u00e7\u00e3o em gera\u00e7\u00e3o, mantendo viva a chama que nos une e fortalecendo o orgulho de fazer parte desta terra!<\/p>\n","protected":false},"excerpt":{"rendered":"<p>Em uma manh\u00e3 marcada por emo\u00e7\u00e3o, orgulho e sentimento de pertencimento, Panambi deu in\u00edcio, no dia 1\u00ba de setembro, \u00e0s comemora\u00e7\u00f5es da Semana da P\u00e1tria. No Audit\u00f3rio da SMEC, autoridades, educadores, estudantes, servidores e comunidade reuniram-se para celebrar n\u00e3o apenas a P\u00e1tria, mas tamb\u00e9m a hist\u00f3ria, a cultura e as pessoas que ajudam, todos os [&hellip;]<\/p>\n","protected":false},"author":2,"featured_media":13523,"comment_status":"closed","ping_status":"open","sticky":false,"template":"","format":"standard","meta":{"footnotes":""},"categories":[27],"tags":[],"class_list":["post-13522","post","type-post","status-publish","format-standard","has-post-thumbnail","hentry","category-panambi"],"_links":{"self":[{"href":"https:\/\/anoticiadovale.com.br\/index.php\/wp-json\/wp\/v2\/posts\/13522","targetHints":{"allow":["GET"]}}],"collection":[{"href":"https:\/\/anoticiadovale.com.br\/index.php\/wp-json\/wp\/v2\/posts"}],"about":[{"href":"https:\/\/anoticiadovale.com.br\/index.php\/wp-json\/wp\/v2\/types\/post"}],"author":[{"embeddable":true,"href":"https:\/\/anoticiadovale.com.br\/index.php\/wp-json\/wp\/v2\/users\/2"}],"replies":[{"embeddable":true,"href":"https:\/\/anoticiadovale.com.br\/index.php\/wp-json\/wp\/v2\/comments?post=13522"}],"version-history":[{"count":1,"href":"https:\/\/anoticiadovale.com.br\/index.php\/wp-json\/wp\/v2\/posts\/13522\/revisions"}],"predecessor-version":[{"id":13524,"href":"https:\/\/anoticiadovale.com.br\/index.php\/wp-json\/wp\/v2\/posts\/13522\/revisions\/13524"}],"wp:featuredmedia":[{"embeddable":true,"href":"https:\/\/anoticiadovale.com.br\/index.php\/wp-json\/wp\/v2\/media\/13523"}],"wp:attachment":[{"href":"https:\/\/anoticiadovale.com.br\/index.php\/wp-json\/wp\/v2\/media?parent=13522"}],"wp:term":[{"taxonomy":"category","embeddable":true,"href":"https:\/\/anoticiadovale.com.br\/index.php\/wp-json\/wp\/v2\/categories?post=13522"},{"taxonomy":"post_tag","embeddable":true,"href":"https:\/\/anoticiadovale.com.br\/index.php\/wp-json\/wp\/v2\/tags?post=13522"}],"curies":[{"name":"wp","href":"https:\/\/api.w.org\/{rel}","templated":true}]}}