{"id":13516,"date":"2026-09-04T22:07:38","date_gmt":"2026-09-05T01:07:38","guid":{"rendered":"https:\/\/anoticiadovale.com.br\/?p=13516"},"modified":"2026-09-04T22:07:49","modified_gmt":"2026-09-05T01:07:49","slug":"forum-de-inovacao-reune-liderancas-e-amplia-debate-sobre-tecnologia-em-panambi","status":"publish","type":"post","link":"https:\/\/anoticiadovale.com.br\/index.php\/2026\/09\/04\/forum-de-inovacao-reune-liderancas-e-amplia-debate-sobre-tecnologia-em-panambi\/","title":{"rendered":"F\u00f3rum de Inova\u00e7\u00e3o re\u00fane lideran\u00e7as e amplia debate sobre tecnologia em Panambi"},"content":{"rendered":"\n<p class=\"wp-block-paragraph\"><strong><em>Com estande no evento, Sicredi apresentou solu\u00e7\u00f5es financeiras e destacou a conex\u00e3o entre cooperativismo, inova\u00e7\u00e3o e crescimento regional.<\/em><\/strong><\/p>\n\n\n\n<p class=\"wp-block-paragraph\">&nbsp;Nos dias 2 e 3 de setembro, o Sicredi participou da 4\u00aa edi\u00e7\u00e3o do F\u00f3rum de Inova\u00e7\u00e3o de Panambi, evento que reuniu empresas, profissionais, estudantes, lideran\u00e7as e representantes de diferentes setores para debater tend\u00eancias, tecnologia e os impactos da inova\u00e7\u00e3o nos neg\u00f3cios e na sociedade. Com o tema \u201cA Revolu\u00e7\u00e3o da IA nos Neg\u00f3cios e na Sociedade\u201d, o F\u00f3rum promoveu reflex\u00f5es sobre o papel da Intelig\u00eancia Artificial na transforma\u00e7\u00e3o das organiza\u00e7\u00f5es, das rela\u00e7\u00f5es de trabalho e do cotidiano das pessoas.<\/p>\n\n\n\n<p class=\"wp-block-paragraph\">Como apoiador do evento, o Sicredi marcou presen\u00e7a com um estande voltado ao relacionamento com associados e visitantes. Durante os dois dias de programa\u00e7\u00e3o, a cooperativa apresentou solu\u00e7\u00f5es financeiras para pessoas f\u00edsicas, empresas e empreendedores, al\u00e9m de compartilhar informa\u00e7\u00f5es sobre FINEP, capital de giro, Pronampe e BNDES Pequenas Empresas, al\u00e9m de alternativas que contribuem para o crescimento sustent\u00e1vel dos neg\u00f3cios.<\/p>\n\n\n\n<p class=\"wp-block-paragraph\">\u201cAcreditamos que a inova\u00e7\u00e3o \u00e9 um dos caminhos para impulsionar o desenvolvimento das nossas comunidades. Participar e apoiar um evento como este fortalece o ecossistema local, estimula novas conex\u00f5es e contribui para que ideias e projetos possam se transformar em resultados concretos para a regi\u00e3o. O Sicredi est\u00e1 presente para apoiar pessoas, empresas e iniciativas que geram impacto positivo e ajudam a construir um futuro mais sustent\u00e1vel para todos\u201d, destacou F\u00e1bio Friedrich, gerente da ag\u00eancia Panambi Neu-W\u00fcrttemberg.<em>(fonte: Sicredi das Culturas RS\/MG \u2013 Iju\u00ed\/RS).<\/em><\/p>\n","protected":false},"excerpt":{"rendered":"<p>Com estande no evento, Sicredi apresentou solu\u00e7\u00f5es financeiras e destacou a conex\u00e3o entre cooperativismo, inova\u00e7\u00e3o e crescimento regional. &nbsp;Nos dias 2 e 3 de setembro, o Sicredi participou da 4\u00aa edi\u00e7\u00e3o do F\u00f3rum de Inova\u00e7\u00e3o de Panambi, evento que reuniu empresas, profissionais, estudantes, lideran\u00e7as e representantes de diferentes setores para debater tend\u00eancias, tecnologia e os [&hellip;]<\/p>\n","protected":false},"author":2,"featured_media":13517,"comment_status":"closed","ping_status":"open","sticky":false,"template":"","format":"standard","meta":{"footnotes":""},"categories":[27],"tags":[],"class_list":["post-13516","post","type-post","status-publish","format-standard","has-post-thumbnail","hentry","category-panambi"],"_links":{"self":[{"href":"https:\/\/anoticiadovale.com.br\/index.php\/wp-json\/wp\/v2\/posts\/13516","targetHints":{"allow":["GET"]}}],"collection":[{"href":"https:\/\/anoticiadovale.com.br\/index.php\/wp-json\/wp\/v2\/posts"}],"about":[{"href":"https:\/\/anoticiadovale.com.br\/index.php\/wp-json\/wp\/v2\/types\/post"}],"author":[{"embeddable":true,"href":"https:\/\/anoticiadovale.com.br\/index.php\/wp-json\/wp\/v2\/users\/2"}],"replies":[{"embeddable":true,"href":"https:\/\/anoticiadovale.com.br\/index.php\/wp-json\/wp\/v2\/comments?post=13516"}],"version-history":[{"count":1,"href":"https:\/\/anoticiadovale.com.br\/index.php\/wp-json\/wp\/v2\/posts\/13516\/revisions"}],"predecessor-version":[{"id":13518,"href":"https:\/\/anoticiadovale.com.br\/index.php\/wp-json\/wp\/v2\/posts\/13516\/revisions\/13518"}],"wp:featuredmedia":[{"embeddable":true,"href":"https:\/\/anoticiadovale.com.br\/index.php\/wp-json\/wp\/v2\/media\/13517"}],"wp:attachment":[{"href":"https:\/\/anoticiadovale.com.br\/index.php\/wp-json\/wp\/v2\/media?parent=13516"}],"wp:term":[{"taxonomy":"category","embeddable":true,"href":"https:\/\/anoticiadovale.com.br\/index.php\/wp-json\/wp\/v2\/categories?post=13516"},{"taxonomy":"post_tag","embeddable":true,"href":"https:\/\/anoticiadovale.com.br\/index.php\/wp-json\/wp\/v2\/tags?post=13516"}],"curies":[{"name":"wp","href":"https:\/\/api.w.org\/{rel}","templated":true}]}}