{"id":13505,"date":"2026-09-01T16:32:25","date_gmt":"2026-09-01T19:32:25","guid":{"rendered":"https:\/\/anoticiadovale.com.br\/?p=13505"},"modified":"2026-09-03T16:34:31","modified_gmt":"2026-09-03T19:34:31","slug":"arte-para-todos-sistema-fiergs-promove-espetaculos-gratuitos-no-interior-do-rs-em-setembro","status":"publish","type":"post","link":"https:\/\/anoticiadovale.com.br\/index.php\/2026\/09\/01\/arte-para-todos-sistema-fiergs-promove-espetaculos-gratuitos-no-interior-do-rs-em-setembro\/","title":{"rendered":"Arte para Todos: Sistema FIERGS promove espet\u00e1culos gratuitos no interior do RS em setembro\u00a0"},"content":{"rendered":"\n<p class=\"wp-block-paragraph\"><strong><em>Estudantes de escolas do Sesi-RS e da rede p\u00fablica poder\u00e3o conferir diferentes apresenta\u00e7\u00f5es em tr\u00eas munic\u00edpios ga\u00fachos.<\/em><\/strong><\/p>\n\n\n\n<p class=\"wp-block-paragraph\">Estudantes de escolas do Servi\u00e7o Social da Ind\u00fastria (Sesi-RS) e da rede p\u00fablica de ensino poder\u00e3o assistir a espet\u00e1culos gratuitos promovidos pelo Sistema FIERGS ao longo de setembro. A iniciativa, que integra o programa Arte para Todos, levar\u00e1 diferentes apresenta\u00e7\u00f5es teatrais para os munic\u00edpios de Passo Fundo, Jaguar\u00e3o e Cachoeira do Sul.<\/p>\n\n\n\n<p class=\"wp-block-paragraph\">Desenvolvido com o objetivo de ampliar o acesso \u00e0 cultura e viabilizar experi\u00eancias muitas vezes in\u00e9ditas para crian\u00e7as, adolescentes e jovens adultos, o programa Arte para Todos fortalece v\u00ednculos com a educa\u00e7\u00e3o, colaborando para a cria\u00e7\u00e3o de repert\u00f3rios e de habilidades cognitivas e socioemocionais, valorizando talentos culturais regionais e contribuindo para a constru\u00e7\u00e3o de novas perspectivas.<\/p>\n\n\n\n<p class=\"wp-block-paragraph\">A programa\u00e7\u00e3o ter\u00e1 in\u00edcio em 3 de setembro, com o espet\u00e1culo Adolescer, em Passo Fundo. Mobilizados pela Secretaria Municipal de Educa\u00e7\u00e3o, cerca de 300 estudantes assistir\u00e3o \u00e0s apresenta\u00e7\u00f5es, agendadas para 9h30min e 14h30min, no Teatro Municipal M\u00facio de Castro (Rua Teixeira Soares, 1.248).<\/p>\n\n\n\n<p class=\"wp-block-paragraph\">Em 15 de setembro, ser\u00e1 a vez de Jaguar\u00e3o, que receber\u00e1 a pe\u00e7a Maur\u00edcio e os Imagin\u00e1rios. O espet\u00e1culo ser\u00e1 apresentado no Theatro Esperan\u00e7a (Avenida Vinte e Sete de Janeiro, 533), \u00e0s 10h e \u00e0s 14h30min, para aproximadamente 400 alunos mobilizados pela Secretaria de Educa\u00e7\u00e3o de Jaguar\u00e3o.<\/p>\n\n\n\n<p class=\"wp-block-paragraph\">J\u00e1 nos dias 29 e 30 de setembro, os espet\u00e1culos Mem\u00f3rias de C\u00e9u e Terra e Contos de Jardim ser\u00e3o apresentados durante a Feira do Livro de Cachoeira do Sul, \u00e0s 9h30min e \u00e0s 15h30min. A iniciativa conta com a parceria da Secretaria de Cultura do munic\u00edpio, que tamb\u00e9m est\u00e1 colaborando com a mobiliza\u00e7\u00e3o das escolas.<\/p>\n\n\n\n<p class=\"wp-block-paragraph\"><strong><em><u>SINOPSE DOS ESPET\u00c1CULOS<\/u><\/em><\/strong><\/p>\n\n\n\n<p class=\"wp-block-paragraph\"><strong><em>Adolescer:<\/em><\/strong> em cartaz h\u00e1 mais de duas d\u00e9cadas, o espet\u00e1culo consolidou-se como uma das pe\u00e7as mais tradicionais do teatro ga\u00facho. Mantendo sua ess\u00eancia, a montagem se reinventa constantemente e atualiza os temas abordados de acordo com as transforma\u00e7\u00f5es vividas pelo p\u00fablico jovem. O espet\u00e1culo alterna momentos c\u00f4micos e dram\u00e1ticos, retratando o cotidiano da adolesc\u00eancia: rela\u00e7\u00f5es interpessoais, viv\u00eancias escolares, desafios emocionais e descobertas identit\u00e1rias.&nbsp;<\/p>\n\n\n\n<p class=\"wp-block-paragraph\"><strong><em>Maur\u00edcio e os Imagin\u00e1rios:<\/em><\/strong> um espet\u00e1culo que mistura m\u00fasica, literatura, anima\u00e7\u00f5es 3D e tecnologia. O projeto associa a ludicidade a conte\u00fados psicossociais que atentam para o desenvolvimento socioemocional, pensamento sustent\u00e1vel, sa\u00fade, criatividade, autonomia e bem-estar.<\/p>\n\n\n\n<p class=\"wp-block-paragraph\"><strong><em>Mem\u00f3rias de C\u00e9u e Terra:<\/em><\/strong> uma conta\u00e7\u00e3o de hist\u00f3ria com dire\u00e7\u00e3o e interpreta\u00e7\u00e3o de Karina Maia Dick e Zez\u00e9 Vivian. A atividade re\u00fane lendas dos povos origin\u00e1rios, tendo como base o livro Mem\u00f3rias de C\u00e9u e Terra, do escritor uruguaio Eduardo Galeano. S\u00e3o lendas sobre povos ancestrais de tempos imemoriais, importantes para o reconhecimento de uma parte pouco explorada da cosmologia da Am\u00e9rica Latina.<\/p>\n\n\n\n<p class=\"wp-block-paragraph\"><strong><em>Contos de Jardim:<\/em><\/strong> um espet\u00e1culo infantojuvenil conduzido por Melip\u00f4nio, uma abelha viajante e contadora de hist\u00f3rias que, enquanto poliniza flores pelos jardins, acaba testemunhando situa\u00e7\u00f5es curiosas, engra\u00e7adas e inesperadas. De forma leve e l\u00fadica, o espet\u00e1culo convida crian\u00e7as e fam\u00edlias a mergulharem em um universo onde natureza, fantasia e conviv\u00eancia caminham lado a lado. <em>(fonte: Assessoria de Imprensa do Sistema Fiergs).<\/em><\/p>\n","protected":false},"excerpt":{"rendered":"<p>Estudantes de escolas do Sesi-RS e da rede p\u00fablica poder\u00e3o conferir diferentes apresenta\u00e7\u00f5es em tr\u00eas munic\u00edpios ga\u00fachos. Estudantes de escolas do Servi\u00e7o Social da Ind\u00fastria (Sesi-RS) e da rede p\u00fablica de ensino poder\u00e3o assistir a espet\u00e1culos gratuitos promovidos pelo Sistema FIERGS ao longo de setembro. A iniciativa, que integra o programa Arte para Todos, levar\u00e1 [&hellip;]<\/p>\n","protected":false},"author":2,"featured_media":13506,"comment_status":"closed","ping_status":"open","sticky":false,"template":"","format":"standard","meta":{"footnotes":""},"categories":[43],"tags":[],"class_list":["post-13505","post","type-post","status-publish","format-standard","has-post-thumbnail","hentry","category-rio-grande-do-sul"],"_links":{"self":[{"href":"https:\/\/anoticiadovale.com.br\/index.php\/wp-json\/wp\/v2\/posts\/13505","targetHints":{"allow":["GET"]}}],"collection":[{"href":"https:\/\/anoticiadovale.com.br\/index.php\/wp-json\/wp\/v2\/posts"}],"about":[{"href":"https:\/\/anoticiadovale.com.br\/index.php\/wp-json\/wp\/v2\/types\/post"}],"author":[{"embeddable":true,"href":"https:\/\/anoticiadovale.com.br\/index.php\/wp-json\/wp\/v2\/users\/2"}],"replies":[{"embeddable":true,"href":"https:\/\/anoticiadovale.com.br\/index.php\/wp-json\/wp\/v2\/comments?post=13505"}],"version-history":[{"count":1,"href":"https:\/\/anoticiadovale.com.br\/index.php\/wp-json\/wp\/v2\/posts\/13505\/revisions"}],"predecessor-version":[{"id":13507,"href":"https:\/\/anoticiadovale.com.br\/index.php\/wp-json\/wp\/v2\/posts\/13505\/revisions\/13507"}],"wp:featuredmedia":[{"embeddable":true,"href":"https:\/\/anoticiadovale.com.br\/index.php\/wp-json\/wp\/v2\/media\/13506"}],"wp:attachment":[{"href":"https:\/\/anoticiadovale.com.br\/index.php\/wp-json\/wp\/v2\/media?parent=13505"}],"wp:term":[{"taxonomy":"category","embeddable":true,"href":"https:\/\/anoticiadovale.com.br\/index.php\/wp-json\/wp\/v2\/categories?post=13505"},{"taxonomy":"post_tag","embeddable":true,"href":"https:\/\/anoticiadovale.com.br\/index.php\/wp-json\/wp\/v2\/tags?post=13505"}],"curies":[{"name":"wp","href":"https:\/\/api.w.org\/{rel}","templated":true}]}}