{"id":13499,"date":"2026-09-01T16:06:00","date_gmt":"2026-09-01T19:06:00","guid":{"rendered":"https:\/\/anoticiadovale.com.br\/?p=13499"},"modified":"2026-09-03T16:09:29","modified_gmt":"2026-09-03T19:09:29","slug":"unicruz-feira-das-profissoes-tem-presenca-confirmada-de-1-200-estudantes","status":"publish","type":"post","link":"https:\/\/anoticiadovale.com.br\/index.php\/2026\/09\/01\/unicruz-feira-das-profissoes-tem-presenca-confirmada-de-1-200-estudantes\/","title":{"rendered":"UNICRUZ: Feira das profiss\u00f5es tem presen\u00e7a confirmada de 1.200 estudantes"},"content":{"rendered":"\n<p class=\"wp-block-paragraph\"><strong><em>Evento est\u00e1 programado para dia 16 de setembro.<\/em><\/strong><\/p>\n\n\n\n<p class=\"wp-block-paragraph\">A Universidade de Cruz Alta\/UNICRUZ j\u00e1 tem confirmada a presen\u00e7a de pelo menos 1.200 estudantes, na 18\u00aa edi\u00e7\u00e3o da Feira das Profiss\u00f5es \u2013 evento que acontece no pr\u00f3ximo dia 16\/09, nas depend\u00eancias do campus. Cerca de 28 escolas da rede p\u00fablica e privada responderam ao convite da universidade, para trazer seus alunos para conhecer os cursos de gradua\u00e7\u00e3o e a estrutura de laborat\u00f3rios e ambientes que s\u00e3o oferecidos pela institui\u00e7\u00e3o.<\/p>\n\n\n\n<p class=\"wp-block-paragraph\">As inscri\u00e7\u00f5es estiveram abertas nos \u00faltimos quatro meses e foram encerradas, agora, durante o m\u00eas de agosto \u2013 prazo em que todas as escolas convidadas confirmaram suas presen\u00e7as. Entre as 28 escolas que v\u00eam para a Feira das Profiss\u00f5es, nove s\u00e3o de Cruz Alta e outras 19 representam diferentes munic\u00edpios da regi\u00e3o. De Panambi, por exemplo, vir\u00e3o tr\u00eas escolas estaduais: Jos\u00e9 de Anchieta, Pindorama e Poncho Verde, enquanto que de Condor vem a Escola Estadual Agostinha Dill.<\/p>\n\n\n\n<p class=\"wp-block-paragraph\">A Feira das Profiss\u00f5es \u00e9 um evento tradicional desta \u00e9poca do ano, promovido pelos cursos de gradua\u00e7\u00e3o da Unicruz, que se destaca no calend\u00e1rio do segmento Educacional, envolvendo especialmente alunos terceiranistas. O objetivo da Feira das Profiss\u00f5es \u00e9 mostrar a estrutura f\u00edsica da institui\u00e7\u00e3o e despertar nos estudantes o interesse para os cursos que a universidade oferece \u2013 apresentado pelos pr\u00f3prios professores e acad\u00eamicos em forma\u00e7\u00e3o. Um momento para tirar d\u00favidas e fazer escolhas.<\/p>\n\n\n\n<p class=\"wp-block-paragraph\">A Feira das Profiss\u00f5es tem a finalidade de aproximar os alunos do Ensino M\u00e9dio da vida universit\u00e1ria, permitindo uma leitura num mundo de possibilidades para o futuro acad\u00eamico que logo vai chegar. Nestes momentos vividos pelos estudantes, eles s\u00e3o incentivados a tomar essa decis\u00e3o \u2013 por afinidade vocacional, atrav\u00e9s da exposi\u00e7\u00e3o de materiais, atividades pr\u00e1ticas e palestras explicativas. Cada aluno, ao circular pelo campus, vai em busca de informa\u00e7\u00f5es sobre o curso que melhor se encaixa no seu interesse pessoal e habilidades.<\/p>\n\n\n\n<p class=\"wp-block-paragraph\"><strong><em>VISITA\u00c7\u00c3O EM TODO CAMPUS \u2013<\/em><\/strong> Este ano a Feira das Profiss\u00f5es, vai ser distribu\u00edda por todos os ambientes do Campus Universit\u00e1rio, diferente das \u00faltimas edi\u00e7\u00f5es em que acontecia nas salas do pr\u00e9dio do Curso de Arquitetura e Urbanismo. A ideia \u00e9 fazer com que as excurs\u00f5es, \u00e0 medida que os \u00f4nibus forem chegando, sejam distribu\u00eddas em grupos, com um determinado n\u00famero de alunos fazendo o tour guiado que vai levar todos at\u00e9 os pr\u00e9dios e laborat\u00f3rios \u2013 satisfazendo por completo o roteiro de visita\u00e7\u00e3o.<\/p>\n\n\n\n<p class=\"wp-block-paragraph\">Para ampliar essa experi\u00eancia sensorial com possibilidade de exclusivo contato presencial com professores e os seus respectivos cursos, a UNICRUZ formatou a feira deste ano em dois momentos especiais. O primeiro, ocorre no turno da manh\u00e3 \u2013 d\u00e1s 8h30 \u00e0s 11h30, e o segundo no per\u00edodo noturno \u2013 d\u00e1s 19h \u00e0s 22h. A decis\u00e3o passa pelo atendimento de uma solicita\u00e7\u00e3o que veio da dire\u00e7\u00e3o das escolas, em raz\u00e3o da distribui\u00e7\u00e3o das turmas terceiranistas nos hor\u00e1rios de funcionamento dos respectivos educand\u00e1rios.<\/p>\n\n\n\n<p class=\"wp-block-paragraph\">A feira tem esse foco motivacional que proporciona aos alunos do popular \u201cterceir\u00e3o\u201d, encontrar a carreira e a forma\u00e7\u00e3o desejada, por meio de uma conex\u00e3o que vai repercutir positivamente no futuro de cada um. Na universidade, eles ter\u00e3o a mentoria e qualifica\u00e7\u00e3o, em conjunto com outros mecanismos \u00e0 sua disposi\u00e7\u00e3o. Para o desenvolvimento de pesquisa e extens\u00e3o, publica\u00e7\u00e3o de artigos em eventos cient\u00edficos e revistas acad\u00eamicas, al\u00e9m de buscar a internacionaliza\u00e7\u00e3o e interc\u00e2mbio em pa\u00edses da Am\u00e9rica Latina e Europa.<\/p>\n\n\n\n<p class=\"wp-block-paragraph\">A Feira tamb\u00e9m vai ter alguns atrativos aos visitantes, junto com a proposta de divulga\u00e7\u00e3o dos cursos de gradua\u00e7\u00e3o. De acordo com a Rela\u00e7\u00f5es P\u00fablicas da universidade Anne Braatz, ser\u00e1 institu\u00eddo mais uma vez o sistema de passaporte, para que os alunos registrem suas visitas durante o tour, nas salas e laborat\u00f3rios, recebendo um brinde no final. Quem sentar na cadeira el\u00e9trica para responder a um Quiz de conhecimentos gerais e cultura \u2013 tamb\u00e9m leva um brinde pelos acertos \u2013 ou uma chuva grossa de papel picado pelas respostas erradas. <em>(Texto e fotos: jornalista Luiz Pena Pinheiro).<\/em><\/p>\n","protected":false},"excerpt":{"rendered":"<p>Evento est\u00e1 programado para dia 16 de setembro. A Universidade de Cruz Alta\/UNICRUZ j\u00e1 tem confirmada a presen\u00e7a de pelo menos 1.200 estudantes, na 18\u00aa edi\u00e7\u00e3o da Feira das Profiss\u00f5es \u2013 evento que acontece no pr\u00f3ximo dia 16\/09, nas depend\u00eancias do campus. Cerca de 28 escolas da rede p\u00fablica e privada responderam ao convite da [&hellip;]<\/p>\n","protected":false},"author":2,"featured_media":13500,"comment_status":"closed","ping_status":"open","sticky":false,"template":"","format":"standard","meta":{"footnotes":""},"categories":[33],"tags":[],"class_list":["post-13499","post","type-post","status-publish","format-standard","has-post-thumbnail","hentry","category-educacao"],"_links":{"self":[{"href":"https:\/\/anoticiadovale.com.br\/index.php\/wp-json\/wp\/v2\/posts\/13499","targetHints":{"allow":["GET"]}}],"collection":[{"href":"https:\/\/anoticiadovale.com.br\/index.php\/wp-json\/wp\/v2\/posts"}],"about":[{"href":"https:\/\/anoticiadovale.com.br\/index.php\/wp-json\/wp\/v2\/types\/post"}],"author":[{"embeddable":true,"href":"https:\/\/anoticiadovale.com.br\/index.php\/wp-json\/wp\/v2\/users\/2"}],"replies":[{"embeddable":true,"href":"https:\/\/anoticiadovale.com.br\/index.php\/wp-json\/wp\/v2\/comments?post=13499"}],"version-history":[{"count":1,"href":"https:\/\/anoticiadovale.com.br\/index.php\/wp-json\/wp\/v2\/posts\/13499\/revisions"}],"predecessor-version":[{"id":13501,"href":"https:\/\/anoticiadovale.com.br\/index.php\/wp-json\/wp\/v2\/posts\/13499\/revisions\/13501"}],"wp:featuredmedia":[{"embeddable":true,"href":"https:\/\/anoticiadovale.com.br\/index.php\/wp-json\/wp\/v2\/media\/13500"}],"wp:attachment":[{"href":"https:\/\/anoticiadovale.com.br\/index.php\/wp-json\/wp\/v2\/media?parent=13499"}],"wp:term":[{"taxonomy":"category","embeddable":true,"href":"https:\/\/anoticiadovale.com.br\/index.php\/wp-json\/wp\/v2\/categories?post=13499"},{"taxonomy":"post_tag","embeddable":true,"href":"https:\/\/anoticiadovale.com.br\/index.php\/wp-json\/wp\/v2\/tags?post=13499"}],"curies":[{"name":"wp","href":"https:\/\/api.w.org\/{rel}","templated":true}]}}