{"id":13490,"date":"2026-09-01T15:45:33","date_gmt":"2026-09-01T18:45:33","guid":{"rendered":"https:\/\/anoticiadovale.com.br\/?p=13490"},"modified":"2026-09-03T15:50:20","modified_gmt":"2026-09-03T18:50:20","slug":"1o-encontro-de-familias-atipicas-da-unimed-noroeste-rs-amplia-dialogo-integracao-e-orientacao-as-familias","status":"publish","type":"post","link":"https:\/\/anoticiadovale.com.br\/index.php\/2026\/09\/01\/1o-encontro-de-familias-atipicas-da-unimed-noroeste-rs-amplia-dialogo-integracao-e-orientacao-as-familias\/","title":{"rendered":"1\u00ba Encontro de Fam\u00edlias At\u00edpicas da Unimed Noroeste\/RS amplia di\u00e1logo, integra\u00e7\u00e3o e orienta\u00e7\u00e3o \u00e0s fam\u00edlias"},"content":{"rendered":"\n<p class=\"wp-block-paragraph\">Informa\u00e7\u00e3o, escuta e troca de experi\u00eancias sobre o acompanhamento terap\u00eautico. Assim foi marcado o \u201c1\u00ba Encontro de Fam\u00edlias At\u00edpicas\u201d, promovido pela Unimed Noroeste\/RS, que teve o objetivo de ampliar o di\u00e1logo entre as fam\u00edlias e os profissionais com a institui\u00e7\u00e3o. Organizado pelo N\u00facleo de Terapias, ocorreu na noite desta quinta-feira, 27, no Audit\u00f3rio do Sicredi, em Iju\u00ed.<\/p>\n\n\n\n<p class=\"wp-block-paragraph\">A programa\u00e7\u00e3o teve in\u00edcio com a apresenta\u00e7\u00e3o \u201cO papel da Cooperativa na jornada do cuidado\u201d, conduzida pelo diretor de Desenvolvimento Humano e Sustentabilidade da Unimed Noroeste\/RS, o m\u00e9dico Renan Gomes, e pela enfermeira auditora do N\u00facleo de Terapias, Ari\u00e9la M\u00fcller. Na sequ\u00eancia, a psic\u00f3loga e coordenadora de An\u00e1lise do Comportamento Aplicada (ABA) da Unimed Noroeste\/RS, Maria Vit\u00f3ria Amorim, abordou o tema \u201cOrienta\u00e7\u00e3o parental: caminhos para o cotidiano\u201d, compartilhando estrat\u00e9gias voltadas \u00e0 conviv\u00eancia familiar, \u00e0s escolhas relacionadas ao tratamento e aos desafios da rotina.<\/p>\n\n\n\n<p class=\"wp-block-paragraph\">Em seguida, a psicopedagoga e m\u00e3e at\u00edpica Juliana Cleveston Posser conduziu a exposi\u00e7\u00e3o \u201cAcolhimento e corresponsabilidade: a fam\u00edlia como parte do cuidado\u201d, destacando a import\u00e2ncia da participa\u00e7\u00e3o ativa dos respons\u00e1veis no processo terap\u00eautico. A programa\u00e7\u00e3o tamb\u00e9m contou com uma roda de conversa para esclarecimento de d\u00favidas, com a participa\u00e7\u00e3o dos palestrantes, do m\u00e9dico auditor do N\u00facleo de Terapias, Marcelo Brum Miron, da coordenadora do N\u00facleo de Terapias, Ja\u00edne Brito e das m\u00e3es at\u00edpicas Edigete Pezzini e Priscila Garay. Nesse momento, o p\u00fablico p\u00f4de encaminhar perguntas, de forma an\u00f4nima, que foram respondidas pelos participantes da roda.<\/p>\n\n\n\n<p class=\"wp-block-paragraph\">Para o diretor de Desenvolvimento Humano e Sustentabilidade da Unimed Noroeste\/RS, m\u00e9dico Renan Gomes, manter um di\u00e1logo pr\u00f3ximo com as fam\u00edlias e os profissionais que participam do acompanhamento terap\u00eautico \u00e9 fundamental para compreender diferentes perspectivas e qualificar continuamente o cuidado. \u201cEssa aproxima\u00e7\u00e3o fortalece v\u00ednculos, amplia a escuta e permite que a cooperativa esteja cada vez mais presente nas diferentes etapas dessa jornada\u201d, destacou o diretor.<\/p>\n\n\n\n<p class=\"wp-block-paragraph\">O encontro encerrou-se com um momento de integra\u00e7\u00e3o entre os participantes. A iniciativa refor\u00e7ou a import\u00e2ncia de aproximar fam\u00edlias, profissionais e a cooperativa, ampliar os espa\u00e7os de di\u00e1logo e orienta\u00e7\u00e3o e fortalecer a constru\u00e7\u00e3o compartilhada do cuidado ao longo do acompanhamento terap\u00eautico. <em>(fonte: N\u00facleo de Marketing e Comunica\u00e7\u00e3o).<\/em><\/p>\n","protected":false},"excerpt":{"rendered":"<p>Informa\u00e7\u00e3o, escuta e troca de experi\u00eancias sobre o acompanhamento terap\u00eautico. Assim foi marcado o \u201c1\u00ba Encontro de Fam\u00edlias At\u00edpicas\u201d, promovido pela Unimed Noroeste\/RS, que teve o objetivo de ampliar o di\u00e1logo entre as fam\u00edlias e os profissionais com a institui\u00e7\u00e3o. Organizado pelo N\u00facleo de Terapias, ocorreu na noite desta quinta-feira, 27, no Audit\u00f3rio do Sicredi, [&hellip;]<\/p>\n","protected":false},"author":2,"featured_media":13491,"comment_status":"closed","ping_status":"open","sticky":false,"template":"","format":"standard","meta":{"footnotes":""},"categories":[28],"tags":[],"class_list":["post-13490","post","type-post","status-publish","format-standard","has-post-thumbnail","hentry","category-saude"],"_links":{"self":[{"href":"https:\/\/anoticiadovale.com.br\/index.php\/wp-json\/wp\/v2\/posts\/13490","targetHints":{"allow":["GET"]}}],"collection":[{"href":"https:\/\/anoticiadovale.com.br\/index.php\/wp-json\/wp\/v2\/posts"}],"about":[{"href":"https:\/\/anoticiadovale.com.br\/index.php\/wp-json\/wp\/v2\/types\/post"}],"author":[{"embeddable":true,"href":"https:\/\/anoticiadovale.com.br\/index.php\/wp-json\/wp\/v2\/users\/2"}],"replies":[{"embeddable":true,"href":"https:\/\/anoticiadovale.com.br\/index.php\/wp-json\/wp\/v2\/comments?post=13490"}],"version-history":[{"count":1,"href":"https:\/\/anoticiadovale.com.br\/index.php\/wp-json\/wp\/v2\/posts\/13490\/revisions"}],"predecessor-version":[{"id":13492,"href":"https:\/\/anoticiadovale.com.br\/index.php\/wp-json\/wp\/v2\/posts\/13490\/revisions\/13492"}],"wp:featuredmedia":[{"embeddable":true,"href":"https:\/\/anoticiadovale.com.br\/index.php\/wp-json\/wp\/v2\/media\/13491"}],"wp:attachment":[{"href":"https:\/\/anoticiadovale.com.br\/index.php\/wp-json\/wp\/v2\/media?parent=13490"}],"wp:term":[{"taxonomy":"category","embeddable":true,"href":"https:\/\/anoticiadovale.com.br\/index.php\/wp-json\/wp\/v2\/categories?post=13490"},{"taxonomy":"post_tag","embeddable":true,"href":"https:\/\/anoticiadovale.com.br\/index.php\/wp-json\/wp\/v2\/tags?post=13490"}],"curies":[{"name":"wp","href":"https:\/\/api.w.org\/{rel}","templated":true}]}}