{"id":13475,"date":"2026-09-01T14:32:09","date_gmt":"2026-09-01T17:32:09","guid":{"rendered":"https:\/\/anoticiadovale.com.br\/?p=13475"},"modified":"2026-09-03T14:45:53","modified_gmt":"2026-09-03T17:45:53","slug":"banrisul-promove-encontro-com-liderancas-do-agro-na-expointer","status":"publish","type":"post","link":"https:\/\/anoticiadovale.com.br\/index.php\/2026\/09\/01\/banrisul-promove-encontro-com-liderancas-do-agro-na-expointer\/","title":{"rendered":"Banrisul promove encontro com lideran\u00e7as do agro na Expointer"},"content":{"rendered":"\n<p class=\"wp-block-paragraph\"><strong><em>Dirigentes do Banrisul, Farsul e Fetag-RS participaram de encontro.<\/em><\/strong><strong><\/strong><\/p>\n\n\n\n<p class=\"wp-block-paragraph\">O presidente do Banrisul, Fernando Lemos, esteve reunido neste domingo (30), no Estande de Agroneg\u00f3cios do Banco na Expointer, em Esteio, com o presidente da Farsul, Domingos Velho Lopes, e o presidente da Fetag-RS, Eug\u00eanio Zanetti. O encontro foi marcado pela proximidade entre as institui\u00e7\u00f5es e pela import\u00e2ncia de fortalecer iniciativas voltadas ao setor produtivo ga\u00facho, especialmente em um momento de transforma\u00e7\u00f5es e desafios para o campo.<\/p>\n\n\n\n<p class=\"wp-block-paragraph\">Na oportunidade, os representantes das institui\u00e7\u00f5es assistiram o v\u00eddeo da campanha publicit\u00e1ria do Banrisul para a Expointer que homenageia a agricultura familiar. Com o conceito \u201cValores que v\u00eam da terra\u201d, a iniciativa reconhece a import\u00e2ncia econ\u00f4mica das fam\u00edlias que se dedicam na produ\u00e7\u00e3o de alimentos e tamb\u00e9m os valores, as hist\u00f3rias e as rela\u00e7\u00f5es que nascem no campo e chegam \u00e0 mesa dos brasileiros.<\/p>\n\n\n\n<p class=\"wp-block-paragraph\">O encontro refor\u00e7ou o compromisso hist\u00f3rico do Banrisul com o desenvolvimento do Estado e com o apoio aos produtores e \u00e0s cadeias produtivas que movimentam a economia ga\u00facha. De acordo com o presidente Fernando Lemos, \u201co di\u00e1logo e a coopera\u00e7\u00e3o entre as diferentes representa\u00e7\u00f5es do setor s\u00e3o fundamentais para a constru\u00e7\u00e3o de solu\u00e7\u00f5es e oportunidades para o futuro do agroneg\u00f3cio ga\u00facho\u201d.<\/p>\n\n\n\n<p class=\"wp-block-paragraph\">A reuni\u00e3o tamb\u00e9m contou com a participa\u00e7\u00e3o do diretor de Desenvolvimento do Banco, Robson Oliveira Santos; de representantes das duas entidades e da equipe de agroneg\u00f3cios do Banrisul. <em>(fonte: Assessoria de Imprensa do Banrisul).<\/em><\/p>\n","protected":false},"excerpt":{"rendered":"<p>Dirigentes do Banrisul, Farsul e Fetag-RS participaram de encontro. O presidente do Banrisul, Fernando Lemos, esteve reunido neste domingo (30), no Estande de Agroneg\u00f3cios do Banco na Expointer, em Esteio, com o presidente da Farsul, Domingos Velho Lopes, e o presidente da Fetag-RS, Eug\u00eanio Zanetti. O encontro foi marcado pela proximidade entre as institui\u00e7\u00f5es e [&hellip;]<\/p>\n","protected":false},"author":2,"featured_media":13476,"comment_status":"closed","ping_status":"open","sticky":false,"template":"","format":"standard","meta":{"footnotes":""},"categories":[32],"tags":[],"class_list":["post-13475","post","type-post","status-publish","format-standard","has-post-thumbnail","hentry","category-agro"],"_links":{"self":[{"href":"https:\/\/anoticiadovale.com.br\/index.php\/wp-json\/wp\/v2\/posts\/13475","targetHints":{"allow":["GET"]}}],"collection":[{"href":"https:\/\/anoticiadovale.com.br\/index.php\/wp-json\/wp\/v2\/posts"}],"about":[{"href":"https:\/\/anoticiadovale.com.br\/index.php\/wp-json\/wp\/v2\/types\/post"}],"author":[{"embeddable":true,"href":"https:\/\/anoticiadovale.com.br\/index.php\/wp-json\/wp\/v2\/users\/2"}],"replies":[{"embeddable":true,"href":"https:\/\/anoticiadovale.com.br\/index.php\/wp-json\/wp\/v2\/comments?post=13475"}],"version-history":[{"count":1,"href":"https:\/\/anoticiadovale.com.br\/index.php\/wp-json\/wp\/v2\/posts\/13475\/revisions"}],"predecessor-version":[{"id":13477,"href":"https:\/\/anoticiadovale.com.br\/index.php\/wp-json\/wp\/v2\/posts\/13475\/revisions\/13477"}],"wp:featuredmedia":[{"embeddable":true,"href":"https:\/\/anoticiadovale.com.br\/index.php\/wp-json\/wp\/v2\/media\/13476"}],"wp:attachment":[{"href":"https:\/\/anoticiadovale.com.br\/index.php\/wp-json\/wp\/v2\/media?parent=13475"}],"wp:term":[{"taxonomy":"category","embeddable":true,"href":"https:\/\/anoticiadovale.com.br\/index.php\/wp-json\/wp\/v2\/categories?post=13475"},{"taxonomy":"post_tag","embeddable":true,"href":"https:\/\/anoticiadovale.com.br\/index.php\/wp-json\/wp\/v2\/tags?post=13475"}],"curies":[{"name":"wp","href":"https:\/\/api.w.org\/{rel}","templated":true}]}}