{"id":12528,"date":"2026-03-12T18:55:57","date_gmt":"2026-03-12T21:55:57","guid":{"rendered":"https:\/\/anoticiadovale.com.br\/?p=12528"},"modified":"2026-03-15T18:56:56","modified_gmt":"2026-03-15T21:56:56","slug":"camara-de-vereadores-aprova-por-unanimidade-o-dia-municipal-de-luto-e-memoria-as-mulheres-vitimas-de-feminicidio","status":"publish","type":"post","link":"https:\/\/anoticiadovale.com.br\/index.php\/2026\/03\/12\/camara-de-vereadores-aprova-por-unanimidade-o-dia-municipal-de-luto-e-memoria-as-mulheres-vitimas-de-feminicidio\/","title":{"rendered":"C\u00e2mara de Vereadores aprova por unanimidade o Dia Municipal de Luto e Mem\u00f3ria \u00e0s Mulheres V\u00edtimas de Feminic\u00eddio"},"content":{"rendered":"\n<p><strong><em>Projeto de iniciativa do Vereador Serchaple, com coautoria da Frente Parlamentar de Homens pelo Fim da Viol\u00eancia contra a Mulher, institui o dia 19 de mar\u00e7o no calend\u00e1rio oficial de Panambi.<\/em><\/strong><\/p>\n\n\n\n<p>A C\u00e2mara de Vereadores de Panambi aprovou por unanimidade, na Sess\u00e3o Legislativa da \u00faltima segunda-feira, dia 09 de mar\u00e7o, o Projeto de Lei que cria o <strong>Dia Municipal de Luto e Mem\u00f3ria \u00e0s Mulheres V\u00edtimas de Feminic\u00eddio<\/strong> <strong>no Munic\u00edpio de Panambi<\/strong> a ser lembrado anualmente no dia 19 de mar\u00e7o.<\/p>\n\n\n\n<p>A proposta \u00e9 de iniciativa do Vereador Serchaple e contou com a coautoria dos demais parlamentares que integram a Frente Parlamentar de Homens pelo Fim da Viol\u00eancia contra a Mulher, Vereadores Rochinha, Vandi, Cl\u00e1udio Motta e Edson Trentini,&nbsp; refor\u00e7ando o compromisso coletivo do Legislativo no enfrentamento \u00e0 viol\u00eancia de g\u00eanero.<\/p>\n\n\n\n<p>A escolha da data possui forte significado para a comunidade panambiense. O dia 19 de mar\u00e7o marca o feminic\u00eddio de Vanessa da Silva Santos, crime que abalou profundamente a cidade e se tornou s\u00edmbolo da necessidade de fortalecer pol\u00edticas p\u00fablicas de prote\u00e7\u00e3o \u00e0s mulheres.<\/p>\n\n\n\n<p>Em mem\u00f3ria \u00e0 v\u00edtima, o munic\u00edpio tamb\u00e9m denominou com seu nome o Centro de Refer\u00eancia da Mulher Vanessa da Silva Santos, espa\u00e7o que atua no acolhimento, orienta\u00e7\u00e3o e prote\u00e7\u00e3o de mulheres em situa\u00e7\u00e3o de viol\u00eancia.<\/p>\n\n\n\n<p>Segundo o Vereador Serchaple, a aprova\u00e7\u00e3o do projeto representa um passo importante para manter viva a mem\u00f3ria das v\u00edtimas e ampliar o debate na sociedade. \u201cN\u00e3o se trata apenas de uma data no calend\u00e1rio. \u00c9 um compromisso com a mem\u00f3ria, com a conscientiza\u00e7\u00e3o e com o fortalecimento das pol\u00edticas de prote\u00e7\u00e3o \u00e0s mulheres. Panambi precisa lembrar para que possamos prevenir e combater toda forma de viol\u00eancia\u201d, destacou.<\/p>\n\n\n\n<p>A iniciativa tamb\u00e9m busca incentivar a\u00e7\u00f5es educativas, atividades de conscientiza\u00e7\u00e3o e mobiliza\u00e7\u00e3o social, fortalecendo a rede de prote\u00e7\u00e3o j\u00e1 existente no munic\u00edpio.<\/p>\n\n\n\n<p>Outro ponto ressaltado pelos autores do projeto \u00e9 que a proposta n\u00e3o gera novas despesas obrigat\u00f3rias ao munic\u00edpio, mas refor\u00e7a o papel do poder p\u00fablico e da sociedade na constru\u00e7\u00e3o de uma cultura de respeito, dignidade e prote\u00e7\u00e3o \u00e0 vida das mulheres.<\/p>\n\n\n\n<p>O Vereador Serchaple refor\u00e7a seu compromisso em seguir trabalhando no fortalecimento de pol\u00edticas p\u00fablicas de preven\u00e7\u00e3o \u00e0 viol\u00eancia, apoio \u00e0s mulheres e valoriza\u00e7\u00e3o da vida, destacando que o Poder Legislativo tem papel fundamental na constru\u00e7\u00e3o de uma sociedade mais justa, segura e respeitosa para todas as fam\u00edlias de Panambi.<\/p>\n\n\n\n<p>Com a aprova\u00e7\u00e3o un\u00e2nime pelos Vereadores presentes, o Projeto segue agora para san\u00e7\u00e3o do Poder Executivo.<\/p>\n","protected":false},"excerpt":{"rendered":"<p>Projeto de iniciativa do Vereador Serchaple, com coautoria da Frente Parlamentar de Homens pelo Fim da Viol\u00eancia contra a Mulher, institui o dia 19 de mar\u00e7o no calend\u00e1rio oficial de Panambi. A C\u00e2mara de Vereadores de Panambi aprovou por unanimidade, na Sess\u00e3o Legislativa da \u00faltima segunda-feira, dia 09 de mar\u00e7o, o Projeto de Lei que [&hellip;]<\/p>\n","protected":false},"author":2,"featured_media":12529,"comment_status":"closed","ping_status":"open","sticky":false,"template":"","format":"standard","meta":{"footnotes":""},"categories":[27],"tags":[],"class_list":["post-12528","post","type-post","status-publish","format-standard","has-post-thumbnail","hentry","category-panambi"],"_links":{"self":[{"href":"https:\/\/anoticiadovale.com.br\/index.php\/wp-json\/wp\/v2\/posts\/12528","targetHints":{"allow":["GET"]}}],"collection":[{"href":"https:\/\/anoticiadovale.com.br\/index.php\/wp-json\/wp\/v2\/posts"}],"about":[{"href":"https:\/\/anoticiadovale.com.br\/index.php\/wp-json\/wp\/v2\/types\/post"}],"author":[{"embeddable":true,"href":"https:\/\/anoticiadovale.com.br\/index.php\/wp-json\/wp\/v2\/users\/2"}],"replies":[{"embeddable":true,"href":"https:\/\/anoticiadovale.com.br\/index.php\/wp-json\/wp\/v2\/comments?post=12528"}],"version-history":[{"count":1,"href":"https:\/\/anoticiadovale.com.br\/index.php\/wp-json\/wp\/v2\/posts\/12528\/revisions"}],"predecessor-version":[{"id":12530,"href":"https:\/\/anoticiadovale.com.br\/index.php\/wp-json\/wp\/v2\/posts\/12528\/revisions\/12530"}],"wp:featuredmedia":[{"embeddable":true,"href":"https:\/\/anoticiadovale.com.br\/index.php\/wp-json\/wp\/v2\/media\/12529"}],"wp:attachment":[{"href":"https:\/\/anoticiadovale.com.br\/index.php\/wp-json\/wp\/v2\/media?parent=12528"}],"wp:term":[{"taxonomy":"category","embeddable":true,"href":"https:\/\/anoticiadovale.com.br\/index.php\/wp-json\/wp\/v2\/categories?post=12528"},{"taxonomy":"post_tag","embeddable":true,"href":"https:\/\/anoticiadovale.com.br\/index.php\/wp-json\/wp\/v2\/tags?post=12528"}],"curies":[{"name":"wp","href":"https:\/\/api.w.org\/{rel}","templated":true}]}}