{"id":12523,"date":"2026-03-12T18:52:26","date_gmt":"2026-03-12T21:52:26","guid":{"rendered":"https:\/\/anoticiadovale.com.br\/?p=12523"},"modified":"2026-03-15T18:54:36","modified_gmt":"2026-03-15T21:54:36","slug":"panambi-recebe-shana-muller-em-palestra-show-alusiva-ao-dia-internacional-da-mulher","status":"publish","type":"post","link":"https:\/\/anoticiadovale.com.br\/index.php\/2026\/03\/12\/panambi-recebe-shana-muller-em-palestra-show-alusiva-ao-dia-internacional-da-mulher\/","title":{"rendered":"Panambi recebe Shana M\u00fcller em palestra-show alusiva ao Dia Internacional da Mulher"},"content":{"rendered":"\n<p>O audit\u00f3rio da Secretaria Municipal de Educa\u00e7\u00e3o e Cultura (SMEC) de Panambi foi palco, no \u00faltimo final de semana, de um evento especial voltado ao p\u00fablico feminino. A cantora, jornalista, palestrante e apresentadora Shana M\u00fcller esteve na cidade para apresentar a palestra-show \u201cFora do Tom\u201d, em uma programa\u00e7\u00e3o alusiva ao Dia Internacional da Mulher.<\/p>\n\n\n\n<p>O encontro reuniu mulheres da comunidade para um momento de reflex\u00e3o, inspira\u00e7\u00e3o e troca de experi\u00eancias. Durante a apresenta\u00e7\u00e3o, Shana compartilhou hist\u00f3rias de sua trajet\u00f3ria pessoal e profissional, intercaladas com momentos musicais, proporcionando uma experi\u00eancia sens\u00edvel e envolvente ao p\u00fablico presente.<\/p>\n\n\n\n<p>Conhecida como uma das vozes mais respeitadas da m\u00fasica tradicionalista ga\u00facha, Shana M\u00fcller construiu uma carreira que une arte, comunica\u00e7\u00e3o e valoriza\u00e7\u00e3o da cultura do Rio Grande do Sul. Ao longo da palestra-show, ela abordou temas como identidade, desafios enfrentados pelas mulheres e a import\u00e2ncia de reconhecer e valorizar as pr\u00f3prias hist\u00f3rias.<\/p>\n\n\n\n<p>A proposta do projeto \u201cFora do Tom\u201d \u00e9 justamente convidar o p\u00fablico a refletir sobre os caminhos da vida, as escolhas e as transforma\u00e7\u00f5es pessoais, utilizando a m\u00fasica e a narrativa como ferramentas de conex\u00e3o e inspira\u00e7\u00e3o.<\/p>\n\n\n\n<p>O evento integrou a programa\u00e7\u00e3o especial promovida pelo munic\u00edpio em celebra\u00e7\u00e3o ao Dia Internacional da Mulher, refor\u00e7ando a valoriza\u00e7\u00e3o do protagonismo feminino e a import\u00e2ncia de espa\u00e7os de di\u00e1logo, cultura e fortalecimento das mulheres na comunidade.<\/p>\n","protected":false},"excerpt":{"rendered":"<p>O audit\u00f3rio da Secretaria Municipal de Educa\u00e7\u00e3o e Cultura (SMEC) de Panambi foi palco, no \u00faltimo final de semana, de um evento especial voltado ao p\u00fablico feminino. A cantora, jornalista, palestrante e apresentadora Shana M\u00fcller esteve na cidade para apresentar a palestra-show \u201cFora do Tom\u201d, em uma programa\u00e7\u00e3o alusiva ao Dia Internacional da Mulher. O [&hellip;]<\/p>\n","protected":false},"author":2,"featured_media":12526,"comment_status":"closed","ping_status":"open","sticky":false,"template":"","format":"standard","meta":{"footnotes":""},"categories":[27],"tags":[],"class_list":["post-12523","post","type-post","status-publish","format-standard","has-post-thumbnail","hentry","category-panambi"],"_links":{"self":[{"href":"https:\/\/anoticiadovale.com.br\/index.php\/wp-json\/wp\/v2\/posts\/12523","targetHints":{"allow":["GET"]}}],"collection":[{"href":"https:\/\/anoticiadovale.com.br\/index.php\/wp-json\/wp\/v2\/posts"}],"about":[{"href":"https:\/\/anoticiadovale.com.br\/index.php\/wp-json\/wp\/v2\/types\/post"}],"author":[{"embeddable":true,"href":"https:\/\/anoticiadovale.com.br\/index.php\/wp-json\/wp\/v2\/users\/2"}],"replies":[{"embeddable":true,"href":"https:\/\/anoticiadovale.com.br\/index.php\/wp-json\/wp\/v2\/comments?post=12523"}],"version-history":[{"count":1,"href":"https:\/\/anoticiadovale.com.br\/index.php\/wp-json\/wp\/v2\/posts\/12523\/revisions"}],"predecessor-version":[{"id":12527,"href":"https:\/\/anoticiadovale.com.br\/index.php\/wp-json\/wp\/v2\/posts\/12523\/revisions\/12527"}],"wp:featuredmedia":[{"embeddable":true,"href":"https:\/\/anoticiadovale.com.br\/index.php\/wp-json\/wp\/v2\/media\/12526"}],"wp:attachment":[{"href":"https:\/\/anoticiadovale.com.br\/index.php\/wp-json\/wp\/v2\/media?parent=12523"}],"wp:term":[{"taxonomy":"category","embeddable":true,"href":"https:\/\/anoticiadovale.com.br\/index.php\/wp-json\/wp\/v2\/categories?post=12523"},{"taxonomy":"post_tag","embeddable":true,"href":"https:\/\/anoticiadovale.com.br\/index.php\/wp-json\/wp\/v2\/tags?post=12523"}],"curies":[{"name":"wp","href":"https:\/\/api.w.org\/{rel}","templated":true}]}}