{"id":12520,"date":"2026-03-12T18:51:19","date_gmt":"2026-03-12T21:51:19","guid":{"rendered":"https:\/\/anoticiadovale.com.br\/?p=12520"},"modified":"2026-03-15T18:52:58","modified_gmt":"2026-03-15T21:52:58","slug":"governo-leite-lanca-programa-integrado-para-atendimento-de-emergencias-em-saude-mental","status":"publish","type":"post","link":"https:\/\/anoticiadovale.com.br\/index.php\/2026\/03\/12\/governo-leite-lanca-programa-integrado-para-atendimento-de-emergencias-em-saude-mental\/","title":{"rendered":"Governador pede ao presidente do Senado avan\u00e7o na vota\u00e7\u00e3o do projeto de lei que viabiliza renegocia\u00e7\u00e3o das d\u00edvidas do agro ga\u00facho"},"content":{"rendered":"\n<p><strong><em>Davi Alcolumbre firmou compromisso de articula\u00e7\u00e3o com l\u00edderes partid\u00e1rios e com o governo federal nos pr\u00f3ximos dias.<\/em><\/strong><\/p>\n\n\n\n<p>O governador Eduardo Leite reuniu-se na manh\u00e3 desta quarta-feira (11\/3), em Bras\u00edlia (DF), com o presidente do Senado Federal, Davi Alcolumbre, para refor\u00e7ar a necessidade de vota\u00e7\u00e3o do Projeto de Lei 5.122\/2023, que trata da renegocia\u00e7\u00e3o das d\u00edvidas de produtores rurais do Rio Grande do Sul afetados por perdas sucessivas provocadas por eventos meteorol\u00f3gicos extremos. O encontro ocorreu na resid\u00eancia oficial do Senado e deu continuidade \u00e0s tratativas iniciadas no ano passado sobre o tema.<\/p>\n\n\n\n<p>Durante a reuni\u00e3o, o governador ressaltou que as medidas adotadas at\u00e9 agora pelo governo federal, embora tenham representado avan\u00e7os pontuais, ainda s\u00e3o insuficientes diante da dimens\u00e3o do endividamento enfrentado pelos produtores ga\u00fachos. Leite destacou que os agricultores acessaram cerca de R$ 7 bilh\u00f5es dos R$ 12 bilh\u00f5es disponibilizados por meio de medidas emergenciais, mas que muitas das exig\u00eancias burocr\u00e1ticas e condicionantes acabaram limitando o alcance dos programas.<\/p>\n\n\n\n<p>Segundo o governador, em raz\u00e3o dessas dificuldades, muitos produtores precisaram recorrer a cr\u00e9dito em condi\u00e7\u00f5es de mercado, com juros m\u00e9dios pr\u00f3ximos de 18% ao ano, o que aumenta a press\u00e3o financeira sobre o setor. \u201cGrande parte dos produtores acabou recorrendo a recursos livres, com juros muito elevados, e agora se aproxima o momento de vencimento dessas parcelas. Sem uma solu\u00e7\u00e3o estruturada, muitos voltar\u00e3o a enfrentar s\u00e9rias dificuldades\u201d, alertou.<\/p>\n\n\n\n<p><strong><em>Projeto para aliviar d\u00edvidas &#8211; <\/em><\/strong>Leite afirmou que a demanda apresentada ao presidente do Senado \u00e9 pela vota\u00e7\u00e3o do projeto de lei&nbsp; 5.122 como instrumento para oferecer uma solu\u00e7\u00e3o mais abrangente ao endividamento do setor. \u201cViemos renovar o apelo para que o projeto seja levado \u00e0 vota\u00e7\u00e3o. Tudo que foi feito at\u00e9 aqui ajudou, mas ainda \u00e9 insuficiente diante do tamanho da necessidade dos produtores rurais ga\u00fachos\u201d, afirmou.<\/p>\n\n\n\n<p>Alcolumbre demonstrou sensibilidade ao tema e se comprometeu a articular uma nova rodada de di\u00e1logo no Senado para buscar encaminhamento \u00e0 proposta. O presidente da Casa dever\u00e1 convocar, nos pr\u00f3ximos dias, uma reuni\u00e3o com o Col\u00e9gio de L\u00edderes, representantes do governo federal e o Minist\u00e9rio da Casa Civil para discutir alternativas e definir os pr\u00f3ximos passos sobre o projeto.<\/p>\n\n\n\n<p>\u201cFicou alinhado que haver\u00e1 uma derradeira tentativa de constru\u00e7\u00e3o com o governo. Caso n\u00e3o haja encaminhamento de uma solu\u00e7\u00e3o com a participa\u00e7\u00e3o do Executivo, o entendimento \u00e9 que o presidente poder\u00e1 levar o projeto \u00e0 vota\u00e7\u00e3o para que o Senado delibere\u201d, explicou Leite.<\/p>\n\n\n\n<p>O governador afirmou sair da reuni\u00e3o com perspectiva positiva sobre o avan\u00e7o da pauta. \u201cTenho uma firme expectativa de que possamos avan\u00e7ar. Trilhamos todos os caminhos que a pol\u00edtica exige, abrimos espa\u00e7o para di\u00e1logo e ajustes. Agora precisamos chegar a uma solu\u00e7\u00e3o efetiva para os produtores do Rio Grande do Sul\u201d, concluiu. <em>(fonte: Governo do Estado).<\/em><\/p>\n","protected":false},"excerpt":{"rendered":"<p>Davi Alcolumbre firmou compromisso de articula\u00e7\u00e3o com l\u00edderes partid\u00e1rios e com o governo federal nos pr\u00f3ximos dias. O governador Eduardo Leite reuniu-se na manh\u00e3 desta quarta-feira (11\/3), em Bras\u00edlia (DF), com o presidente do Senado Federal, Davi Alcolumbre, para refor\u00e7ar a necessidade de vota\u00e7\u00e3o do Projeto de Lei 5.122\/2023, que trata da renegocia\u00e7\u00e3o das d\u00edvidas [&hellip;]<\/p>\n","protected":false},"author":2,"featured_media":12524,"comment_status":"closed","ping_status":"open","sticky":false,"template":"","format":"standard","meta":{"footnotes":""},"categories":[29],"tags":[],"class_list":["post-12520","post","type-post","status-publish","format-standard","has-post-thumbnail","hentry","category-politica"],"_links":{"self":[{"href":"https:\/\/anoticiadovale.com.br\/index.php\/wp-json\/wp\/v2\/posts\/12520","targetHints":{"allow":["GET"]}}],"collection":[{"href":"https:\/\/anoticiadovale.com.br\/index.php\/wp-json\/wp\/v2\/posts"}],"about":[{"href":"https:\/\/anoticiadovale.com.br\/index.php\/wp-json\/wp\/v2\/types\/post"}],"author":[{"embeddable":true,"href":"https:\/\/anoticiadovale.com.br\/index.php\/wp-json\/wp\/v2\/users\/2"}],"replies":[{"embeddable":true,"href":"https:\/\/anoticiadovale.com.br\/index.php\/wp-json\/wp\/v2\/comments?post=12520"}],"version-history":[{"count":2,"href":"https:\/\/anoticiadovale.com.br\/index.php\/wp-json\/wp\/v2\/posts\/12520\/revisions"}],"predecessor-version":[{"id":12525,"href":"https:\/\/anoticiadovale.com.br\/index.php\/wp-json\/wp\/v2\/posts\/12520\/revisions\/12525"}],"wp:featuredmedia":[{"embeddable":true,"href":"https:\/\/anoticiadovale.com.br\/index.php\/wp-json\/wp\/v2\/media\/12524"}],"wp:attachment":[{"href":"https:\/\/anoticiadovale.com.br\/index.php\/wp-json\/wp\/v2\/media?parent=12520"}],"wp:term":[{"taxonomy":"category","embeddable":true,"href":"https:\/\/anoticiadovale.com.br\/index.php\/wp-json\/wp\/v2\/categories?post=12520"},{"taxonomy":"post_tag","embeddable":true,"href":"https:\/\/anoticiadovale.com.br\/index.php\/wp-json\/wp\/v2\/tags?post=12520"}],"curies":[{"name":"wp","href":"https:\/\/api.w.org\/{rel}","templated":true}]}}