{"id":12501,"date":"2026-03-13T09:36:39","date_gmt":"2026-03-13T12:36:39","guid":{"rendered":"https:\/\/anoticiadovale.com.br\/?p=12501"},"modified":"2026-03-13T09:36:42","modified_gmt":"2026-03-13T12:36:42","slug":"palmeira-das-missoes-policia-civil-apreende-adolescente-por-ato-infracional-ligado-a-homicidio-ocorrido-no-bairro-profelurb","status":"publish","type":"post","link":"https:\/\/anoticiadovale.com.br\/index.php\/2026\/03\/13\/palmeira-das-missoes-policia-civil-apreende-adolescente-por-ato-infracional-ligado-a-homicidio-ocorrido-no-bairro-profelurb\/","title":{"rendered":"PALMEIRA DAS MISS\u00d5ES: Pol\u00edcia Civil apreende adolescente por ato infracional ligado a homic\u00eddio ocorrido no bairro Profelurb"},"content":{"rendered":"\n<p>A Pol\u00edcia Civil do Rio Grande do Sul, por meio da Delegacia de Pol\u00edcia de Palmeira das Miss\u00f5es, cumpriu mandado judicial de interna\u00e7\u00e3o de um adolescente de 16 anos em Palmeira das Miss\u00f5es. Ap\u00f3s a apreens\u00e3o, o jovem foi encaminhado ao Centro de Atendimento Socioeducativo de Passo Fundo, onde permanecer\u00e1 \u00e0 disposi\u00e7\u00e3o da Justi\u00e7a para cumprimento da medida socioeducativa. A ordem judicial foi expedida no \u00e2mbito de um procedimento de apura\u00e7\u00e3o de ato infracional relacionado ao crime de homic\u00eddio qualificado.<\/p>\n\n\n\n<p>&nbsp;&nbsp;&nbsp;&nbsp;&nbsp;&nbsp;&nbsp;&nbsp;&nbsp;&nbsp;&nbsp; O fato investigado ocorreu em 18 de novembro de 2025, quando a v\u00edtima, Henrique dos Santos Rosa, foi atingida por disparo de arma de fogo em uma resid\u00eancia localizada no bairro Profelurb, em Palmeira das Miss\u00f5es. De acordo com a Pol\u00edcia Civil, o cumprimento do mandado ocorre ap\u00f3s o avan\u00e7o das investiga\u00e7\u00f5es conduzidas pela delegacia respons\u00e1vel pelo caso. <em>(R\u00e1dio Palmeira AM)<\/em><\/p>\n","protected":false},"excerpt":{"rendered":"<p>A Pol\u00edcia Civil do Rio Grande do Sul, por meio da Delegacia de Pol\u00edcia de Palmeira das Miss\u00f5es, cumpriu mandado judicial de interna\u00e7\u00e3o de um adolescente de 16 anos em Palmeira das Miss\u00f5es. Ap\u00f3s a apreens\u00e3o, o jovem foi encaminhado ao Centro de Atendimento Socioeducativo de Passo Fundo, onde permanecer\u00e1 \u00e0 disposi\u00e7\u00e3o da Justi\u00e7a para [&hellip;]<\/p>\n","protected":false},"author":2,"featured_media":12502,"comment_status":"closed","ping_status":"open","sticky":false,"template":"","format":"standard","meta":{"footnotes":""},"categories":[31],"tags":[],"class_list":["post-12501","post","type-post","status-publish","format-standard","has-post-thumbnail","hentry","category-manchete"],"_links":{"self":[{"href":"https:\/\/anoticiadovale.com.br\/index.php\/wp-json\/wp\/v2\/posts\/12501","targetHints":{"allow":["GET"]}}],"collection":[{"href":"https:\/\/anoticiadovale.com.br\/index.php\/wp-json\/wp\/v2\/posts"}],"about":[{"href":"https:\/\/anoticiadovale.com.br\/index.php\/wp-json\/wp\/v2\/types\/post"}],"author":[{"embeddable":true,"href":"https:\/\/anoticiadovale.com.br\/index.php\/wp-json\/wp\/v2\/users\/2"}],"replies":[{"embeddable":true,"href":"https:\/\/anoticiadovale.com.br\/index.php\/wp-json\/wp\/v2\/comments?post=12501"}],"version-history":[{"count":1,"href":"https:\/\/anoticiadovale.com.br\/index.php\/wp-json\/wp\/v2\/posts\/12501\/revisions"}],"predecessor-version":[{"id":12503,"href":"https:\/\/anoticiadovale.com.br\/index.php\/wp-json\/wp\/v2\/posts\/12501\/revisions\/12503"}],"wp:featuredmedia":[{"embeddable":true,"href":"https:\/\/anoticiadovale.com.br\/index.php\/wp-json\/wp\/v2\/media\/12502"}],"wp:attachment":[{"href":"https:\/\/anoticiadovale.com.br\/index.php\/wp-json\/wp\/v2\/media?parent=12501"}],"wp:term":[{"taxonomy":"category","embeddable":true,"href":"https:\/\/anoticiadovale.com.br\/index.php\/wp-json\/wp\/v2\/categories?post=12501"},{"taxonomy":"post_tag","embeddable":true,"href":"https:\/\/anoticiadovale.com.br\/index.php\/wp-json\/wp\/v2\/tags?post=12501"}],"curies":[{"name":"wp","href":"https:\/\/api.w.org\/{rel}","templated":true}]}}