{"id":12498,"date":"2026-03-13T09:34:11","date_gmt":"2026-03-13T12:34:11","guid":{"rendered":"https:\/\/anoticiadovale.com.br\/?p=12498"},"modified":"2026-03-13T09:34:13","modified_gmt":"2026-03-13T12:34:13","slug":"trafico-de-drogas-operacao-migrantes-da-irmandade-identifica-esquema-de-envio-de-traficantes-de-outras-regioes-para-atuar-no-comercio-de-drogas-em-panambi","status":"publish","type":"post","link":"https:\/\/anoticiadovale.com.br\/index.php\/2026\/03\/13\/trafico-de-drogas-operacao-migrantes-da-irmandade-identifica-esquema-de-envio-de-traficantes-de-outras-regioes-para-atuar-no-comercio-de-drogas-em-panambi\/","title":{"rendered":"TR\u00c1FICO DE DROGAS: Opera\u00e7\u00e3o \u201cMigrantes da Irmandade\u201d identifica esquema de envio de traficantes de outras regi\u00f5es para atuar no com\u00e9rcio de drogas em Panambi"},"content":{"rendered":"\n<p>A Opera\u00e7\u00e3o Policial denominada Migrantes da Irmandade, realizada pela Pol\u00edcia Civil e pela Brigada Militar de Panambi, resultou na identifica\u00e7\u00e3o de integrantes de fac\u00e7\u00e3o do tr\u00e1fico de drogas respons\u00e1veis por transferir traficantes de outras regi\u00f5es do Estado para realizarem a venda de entorpecentes no munic\u00edpio, sob coordena\u00e7\u00e3o da organiza\u00e7\u00e3o criminosa. O inqu\u00e9rito foi remetido ao Poder Judici\u00e1rio nesta semana, ap\u00f3s a apura\u00e7\u00e3o reunir elementos que demonstraram a atua\u00e7\u00e3o dos investigados na comercializa\u00e7\u00e3o de entorpecentes no munic\u00edpio.<\/p>\n\n\n\n<p>Durante o curso das investiga\u00e7\u00f5es, foi realizada a pris\u00e3o em flagrante de uma mulher de 28 anos, natural de Port\u00e3o\/RS, sem qualquer v\u00ednculo com Panambi, na data de 15 de fevereiro de 2026, ocasi\u00e3o em que foram localizadas em seu poder mais de uma centena de pedras de crack, estocadas em uma casa locada no Bairro Pav\u00e3o, em Panambi. A investigada j\u00e1 havia sido presa em flagrante anteriormente, em 04 de outubro de 2025, tendo obtido liberdade dias ap\u00f3s.<\/p>\n\n\n\n<p>No contexto da mesma investiga\u00e7\u00e3o, o companheiro da investigada, homem de 40 anos, natural de Novo Hamburgo, foi preso em 11 de fevereiro de 2026, ap\u00f3s ser localizado em situa\u00e7\u00e3o de foragido do sistema prisional. Com o aprofundamento das dilig\u00eancias investigativas, apurou-se que na mesma resid\u00eancia tamb\u00e9m residia uma mulher de 51 anos, proveniente de Iju\u00ed, cujo companheiro encontra-se preso naquele munic\u00edpio, sendo verificado que ela, igualmente, realizava a venda de entorpecentes no local. As investiga\u00e7\u00f5es apontaram ainda a participa\u00e7\u00e3o de um rapaz de 18 anos, natural de Panambi, aliciado ao tr\u00e1fico pela organiza\u00e7\u00e3o criminosa, al\u00e9m de outro jovem de 18 anos, natural de Santa Catarina, atualmente foragido.<\/p>\n\n\n\n<p>Ao final das investiga\u00e7\u00f5es, os envolvidos foram indiciados pelos crimes de tr\u00e1fico de drogas e associa\u00e7\u00e3o para o tr\u00e1fico, passando a responder ao processo perante o Ju\u00edzo da Comarca de Panambi.<\/p>\n\n\n\n<p>Segundo a Autoridade Policial respons\u00e1vel pela investiga\u00e7\u00e3o, \u201cas apura\u00e7\u00f5es demonstraram que a organiza\u00e7\u00e3o criminosa vinha transferindo pessoas de outras regi\u00f5es para atuar no tr\u00e1fico local, estrat\u00e9gia que buscava manter a atividade il\u00edcita sob coordena\u00e7\u00e3o externa. A investiga\u00e7\u00e3o permitiu identificar os envolvidos e reunir elementos que subsidiaram o indiciamento dos participantes\u201d.<\/p>\n\n\n\n<p>A Pol\u00edcia Civil alerta ainda que j\u00e1 foi identificado que traficantes provenientes de outras regi\u00f5es encontram facilidade para locar im\u00f3veis em Panambi sem a formaliza\u00e7\u00e3o de contratos com os propriet\u00e1rios, circunst\u00e2ncia que, ap\u00f3s as pris\u00f5es, frequentemente gera preju\u00edzos aos locadores. Nesse sentido, orienta-se que propriet\u00e1rios realizem verifica\u00e7\u00f5es pr\u00e9vias sobre os interessados na loca\u00e7\u00e3o de im\u00f3veis, contribuindo para a prote\u00e7\u00e3o da comunidade local. <em>(DP \u2013 Panambi\/ PC-RS).<\/em><\/p>\n","protected":false},"excerpt":{"rendered":"<p>A Opera\u00e7\u00e3o Policial denominada Migrantes da Irmandade, realizada pela Pol\u00edcia Civil e pela Brigada Militar de Panambi, resultou na identifica\u00e7\u00e3o de integrantes de fac\u00e7\u00e3o do tr\u00e1fico de drogas respons\u00e1veis por transferir traficantes de outras regi\u00f5es do Estado para realizarem a venda de entorpecentes no munic\u00edpio, sob coordena\u00e7\u00e3o da organiza\u00e7\u00e3o criminosa. O inqu\u00e9rito foi remetido ao [&hellip;]<\/p>\n","protected":false},"author":2,"featured_media":12499,"comment_status":"closed","ping_status":"open","sticky":false,"template":"","format":"standard","meta":{"footnotes":""},"categories":[31],"tags":[],"class_list":["post-12498","post","type-post","status-publish","format-standard","has-post-thumbnail","hentry","category-manchete"],"_links":{"self":[{"href":"https:\/\/anoticiadovale.com.br\/index.php\/wp-json\/wp\/v2\/posts\/12498","targetHints":{"allow":["GET"]}}],"collection":[{"href":"https:\/\/anoticiadovale.com.br\/index.php\/wp-json\/wp\/v2\/posts"}],"about":[{"href":"https:\/\/anoticiadovale.com.br\/index.php\/wp-json\/wp\/v2\/types\/post"}],"author":[{"embeddable":true,"href":"https:\/\/anoticiadovale.com.br\/index.php\/wp-json\/wp\/v2\/users\/2"}],"replies":[{"embeddable":true,"href":"https:\/\/anoticiadovale.com.br\/index.php\/wp-json\/wp\/v2\/comments?post=12498"}],"version-history":[{"count":1,"href":"https:\/\/anoticiadovale.com.br\/index.php\/wp-json\/wp\/v2\/posts\/12498\/revisions"}],"predecessor-version":[{"id":12500,"href":"https:\/\/anoticiadovale.com.br\/index.php\/wp-json\/wp\/v2\/posts\/12498\/revisions\/12500"}],"wp:featuredmedia":[{"embeddable":true,"href":"https:\/\/anoticiadovale.com.br\/index.php\/wp-json\/wp\/v2\/media\/12499"}],"wp:attachment":[{"href":"https:\/\/anoticiadovale.com.br\/index.php\/wp-json\/wp\/v2\/media?parent=12498"}],"wp:term":[{"taxonomy":"category","embeddable":true,"href":"https:\/\/anoticiadovale.com.br\/index.php\/wp-json\/wp\/v2\/categories?post=12498"},{"taxonomy":"post_tag","embeddable":true,"href":"https:\/\/anoticiadovale.com.br\/index.php\/wp-json\/wp\/v2\/tags?post=12498"}],"curies":[{"name":"wp","href":"https:\/\/api.w.org\/{rel}","templated":true}]}}