{"id":12494,"date":"2026-03-10T15:20:56","date_gmt":"2026-03-10T18:20:56","guid":{"rendered":"https:\/\/anoticiadovale.com.br\/?p=12494"},"modified":"2026-03-10T15:21:00","modified_gmt":"2026-03-10T18:21:00","slug":"habitacao-em-panambi-avancando-cada-vez-mais","status":"publish","type":"post","link":"https:\/\/anoticiadovale.com.br\/index.php\/2026\/03\/10\/habitacao-em-panambi-avancando-cada-vez-mais\/","title":{"rendered":"Habita\u00e7\u00e3o em Panambi avan\u00e7ando cada vez mais"},"content":{"rendered":"\n<p>Panambi vive um momento muito importante no fortalecimento das pol\u00edticas de habita\u00e7\u00e3o. Com muito trabalho, planejamento e dedica\u00e7\u00e3o, novas oportunidades est\u00e3o sendo constru\u00eddas para que mais fam\u00edlias possam realizar o sonho da casa pr\u00f3pria.<\/p>\n\n\n\n<p>O Programa \u201cPanambi Meu Lar\u201d chega como uma grande iniciativa para ampliar o acesso \u00e0 moradia, criando caminhos para que muitas pessoas possam sair do aluguel e conquistar um lar digno e seguro. Ao lado dele, o Programa Entidades tamb\u00e9m representa uma importante alternativa para viabilizar novos projetos habitacionais no munic\u00edpio, fortalecendo parcerias e ampliando as possibilidades para a comunidade.<\/p>\n\n\n\n<p>\u201cPor tr\u00e1s de cada avan\u00e7o, est\u00e1 o trabalho incans\u00e1vel do Setor de Projetos, que vem se dedicando intensamente para manter Panambi sempre apta a participar dos programas habitacionais. \u00c9 planejamento, organiza\u00e7\u00e3o e busca constante por recursos e oportunidades que tragam resultados concretos para a popula\u00e7\u00e3o\u201d, destaca o prefeito municipal, Gustavo Cavalheiro.<\/p>\n\n\n\n<p>\u201cGarantir moradia \u00e9 garantir dignidade, seguran\u00e7a e qualidade de vida. E Panambi segue avan\u00e7ando, trabalhando com seriedade para que cada vez mais fam\u00edlias tenham a oportunidade de deixar o aluguel para tr\u00e1s e conquistar o seu lugar para chamar de lar\u201d, garante o prefeito.<em><\/em><\/p>\n","protected":false},"excerpt":{"rendered":"<p>Panambi vive um momento muito importante no fortalecimento das pol\u00edticas de habita\u00e7\u00e3o. Com muito trabalho, planejamento e dedica\u00e7\u00e3o, novas oportunidades est\u00e3o sendo constru\u00eddas para que mais fam\u00edlias possam realizar o sonho da casa pr\u00f3pria. O Programa \u201cPanambi Meu Lar\u201d chega como uma grande iniciativa para ampliar o acesso \u00e0 moradia, criando caminhos para que muitas [&hellip;]<\/p>\n","protected":false},"author":2,"featured_media":12495,"comment_status":"closed","ping_status":"open","sticky":false,"template":"","format":"standard","meta":{"footnotes":""},"categories":[27],"tags":[],"class_list":["post-12494","post","type-post","status-publish","format-standard","has-post-thumbnail","hentry","category-panambi"],"_links":{"self":[{"href":"https:\/\/anoticiadovale.com.br\/index.php\/wp-json\/wp\/v2\/posts\/12494","targetHints":{"allow":["GET"]}}],"collection":[{"href":"https:\/\/anoticiadovale.com.br\/index.php\/wp-json\/wp\/v2\/posts"}],"about":[{"href":"https:\/\/anoticiadovale.com.br\/index.php\/wp-json\/wp\/v2\/types\/post"}],"author":[{"embeddable":true,"href":"https:\/\/anoticiadovale.com.br\/index.php\/wp-json\/wp\/v2\/users\/2"}],"replies":[{"embeddable":true,"href":"https:\/\/anoticiadovale.com.br\/index.php\/wp-json\/wp\/v2\/comments?post=12494"}],"version-history":[{"count":1,"href":"https:\/\/anoticiadovale.com.br\/index.php\/wp-json\/wp\/v2\/posts\/12494\/revisions"}],"predecessor-version":[{"id":12496,"href":"https:\/\/anoticiadovale.com.br\/index.php\/wp-json\/wp\/v2\/posts\/12494\/revisions\/12496"}],"wp:featuredmedia":[{"embeddable":true,"href":"https:\/\/anoticiadovale.com.br\/index.php\/wp-json\/wp\/v2\/media\/12495"}],"wp:attachment":[{"href":"https:\/\/anoticiadovale.com.br\/index.php\/wp-json\/wp\/v2\/media?parent=12494"}],"wp:term":[{"taxonomy":"category","embeddable":true,"href":"https:\/\/anoticiadovale.com.br\/index.php\/wp-json\/wp\/v2\/categories?post=12494"},{"taxonomy":"post_tag","embeddable":true,"href":"https:\/\/anoticiadovale.com.br\/index.php\/wp-json\/wp\/v2\/tags?post=12494"}],"curies":[{"name":"wp","href":"https:\/\/api.w.org\/{rel}","templated":true}]}}