{"id":12491,"date":"2026-03-10T15:20:17","date_gmt":"2026-03-10T18:20:17","guid":{"rendered":"https:\/\/anoticiadovale.com.br\/?p=12491"},"modified":"2026-03-10T15:20:23","modified_gmt":"2026-03-10T18:20:23","slug":"expodireto-aproxima-setor-produtivo-do-campo-e-promove-inovacao-destaca-presidente-do-sistema-fiergs","status":"publish","type":"post","link":"https:\/\/anoticiadovale.com.br\/index.php\/2026\/03\/10\/expodireto-aproxima-setor-produtivo-do-campo-e-promove-inovacao-destaca-presidente-do-sistema-fiergs\/","title":{"rendered":"Expodireto aproxima setor produtivo do campo e promove inova\u00e7\u00e3o, destaca presidente do Sistema FIERGS"},"content":{"rendered":"\n<p><strong><em>No primeiro dia do evento em N\u00e3o-Me-Toque, Claudio Bier tamb\u00e9m ressalta import\u00e2ncia da feira para os neg\u00f3cios do setor de m\u00e1quinas e implementos agr\u00edcolas.<\/em><\/strong><\/p>\n\n\n\n<p>A conex\u00e3o entre a ind\u00fastria e o agroneg\u00f3cio, a proximidade com o setor produtivo e o compartilhamento de informa\u00e7\u00f5es e de tecnologias no campo consolidam, na vis\u00e3o do presidente do Sistema FIERGS, Claudio Bier, a 26\u00aa Expodireto-Cotrijal. A feira, que se iniciou nesta segunda-feira (9), em N\u00e3o-Me-Toque, no norte do estado, \u00e9 um espa\u00e7o estrat\u00e9gico para discutir o cen\u00e1rio econ\u00f4mico do Rio Grande do Sul e enfrentar os desafios para promo\u00e7\u00e3o do desenvolvimento.<\/p>\n\n\n\n<p>&nbsp;\u201cAo longo de mais de duas d\u00e9cadas, a Expodireto se firmou como uma das maiores feiras do agroneg\u00f3cio da Am\u00e9rica Latina, criando um ambiente concreto para a realiza\u00e7\u00e3o de neg\u00f3cios. O que vemos no parque \u00e9 um espa\u00e7o para lan\u00e7amento de tecnologias, aproxima\u00e7\u00e3o com mercados e afirma\u00e7\u00e3o da capacidade industrial ga\u00facha em criar solu\u00e7\u00f5es cada vez mais eficientes para o campo. N\u00e3o existe nada parecido no Brasil\u201d, avalia Bier, que participou da abertura oficial do evento nesta manh\u00e3.&nbsp;<\/p>\n\n\n\n<p>Com um estande na \u00e1rea de m\u00e1quinas e equipamentos, a FIERGS se soma aos esfor\u00e7os na busca por um agro ga\u00facho cada vez mais moderno. \u201cA feira \u00e9 especialmente importante para o setor industrial de m\u00e1quinas e implementos agr\u00edcolas, setor no qual o Rio Grande do Sul responde por mais de 60% da produ\u00e7\u00e3o brasileira. A ind\u00fastria precisa do produtor para crescer, e o produtor precisa das tecnologias desenvolvidas para aumentar a sua produtividade\u201d, destaca.&nbsp;<\/p>\n\n\n\n<p>Nesta ter\u00e7a-feira (10), \u00e0s 10h30, o Sistema FIERGS e o Sindicato das Ind\u00fastrias de M\u00e1quinas e Implementos Agr\u00edcolas do RS (Simers) promovem um painel para debater o cen\u00e1rio nacional e internacional do setor de m\u00e1quinas e implementos agr\u00edcolas com foco nos impactos do acordo Mercosul &#8211; Uni\u00e3o Europeia para o Rio Grande do Sul. O evento ser\u00e1 no estande do Simers, no parque da Expodireto.<\/p>\n\n\n\n<p>A 26\u00aa Expodireto-Cotrijal come\u00e7ou nesta segunda-feira, em N\u00e3o-Me-Toque, reunindo autoridades, lideran\u00e7as do agroneg\u00f3cio e representantes da ind\u00fastria e segue at\u00e9 sexta-feira (13) com programa\u00e7\u00e3o diversa. <em>(fonte: Assessoria de Imprensa do Sistema Fiergs\/Foto: Dudu Leal).<\/em><\/p>\n","protected":false},"excerpt":{"rendered":"<p>No primeiro dia do evento em N\u00e3o-Me-Toque, Claudio Bier tamb\u00e9m ressalta import\u00e2ncia da feira para os neg\u00f3cios do setor de m\u00e1quinas e implementos agr\u00edcolas. A conex\u00e3o entre a ind\u00fastria e o agroneg\u00f3cio, a proximidade com o setor produtivo e o compartilhamento de informa\u00e7\u00f5es e de tecnologias no campo consolidam, na vis\u00e3o do presidente do Sistema [&hellip;]<\/p>\n","protected":false},"author":2,"featured_media":12492,"comment_status":"closed","ping_status":"open","sticky":false,"template":"","format":"standard","meta":{"footnotes":""},"categories":[32],"tags":[],"class_list":["post-12491","post","type-post","status-publish","format-standard","has-post-thumbnail","hentry","category-agro"],"_links":{"self":[{"href":"https:\/\/anoticiadovale.com.br\/index.php\/wp-json\/wp\/v2\/posts\/12491","targetHints":{"allow":["GET"]}}],"collection":[{"href":"https:\/\/anoticiadovale.com.br\/index.php\/wp-json\/wp\/v2\/posts"}],"about":[{"href":"https:\/\/anoticiadovale.com.br\/index.php\/wp-json\/wp\/v2\/types\/post"}],"author":[{"embeddable":true,"href":"https:\/\/anoticiadovale.com.br\/index.php\/wp-json\/wp\/v2\/users\/2"}],"replies":[{"embeddable":true,"href":"https:\/\/anoticiadovale.com.br\/index.php\/wp-json\/wp\/v2\/comments?post=12491"}],"version-history":[{"count":1,"href":"https:\/\/anoticiadovale.com.br\/index.php\/wp-json\/wp\/v2\/posts\/12491\/revisions"}],"predecessor-version":[{"id":12493,"href":"https:\/\/anoticiadovale.com.br\/index.php\/wp-json\/wp\/v2\/posts\/12491\/revisions\/12493"}],"wp:featuredmedia":[{"embeddable":true,"href":"https:\/\/anoticiadovale.com.br\/index.php\/wp-json\/wp\/v2\/media\/12492"}],"wp:attachment":[{"href":"https:\/\/anoticiadovale.com.br\/index.php\/wp-json\/wp\/v2\/media?parent=12491"}],"wp:term":[{"taxonomy":"category","embeddable":true,"href":"https:\/\/anoticiadovale.com.br\/index.php\/wp-json\/wp\/v2\/categories?post=12491"},{"taxonomy":"post_tag","embeddable":true,"href":"https:\/\/anoticiadovale.com.br\/index.php\/wp-json\/wp\/v2\/tags?post=12491"}],"curies":[{"name":"wp","href":"https:\/\/api.w.org\/{rel}","templated":true}]}}