{"id":12488,"date":"2026-03-10T15:17:48","date_gmt":"2026-03-10T18:17:48","guid":{"rendered":"https:\/\/anoticiadovale.com.br\/?p=12488"},"modified":"2026-03-10T15:17:52","modified_gmt":"2026-03-10T18:17:52","slug":"calcada-da-fama-do-agro-homenageia-liderancas-durante-a-expodireto-cotrijal","status":"publish","type":"post","link":"https:\/\/anoticiadovale.com.br\/index.php\/2026\/03\/10\/calcada-da-fama-do-agro-homenageia-liderancas-durante-a-expodireto-cotrijal\/","title":{"rendered":"Cal\u00e7ada da Fama do Agro homenageia lideran\u00e7as durante a Expodireto Cotrijal"},"content":{"rendered":"\n<p>Al\u00e9m da programa\u00e7\u00e3o t\u00e9cnica e dos debates sobre o futuro do agroneg\u00f3cio, a 26\u00aa Expodireto Cotrijal tamb\u00e9m foi palco de um momento de reconhecimento a personalidades que marcaram a hist\u00f3ria do setor. Durante o evento, autoridades e lideran\u00e7as participaram da cerim\u00f4nia na Cal\u00e7ada da Fama do Agro, espa\u00e7o instalado no parque da feira em N\u00e3o-Me-Toque.<\/p>\n\n\n\n<p>O local re\u00fane placas com os nomes de figuras que contribu\u00edram significativamente para o desenvolvimento do agroneg\u00f3cio e do cooperativismo no Rio Grande do Sul e no Brasil. Entre os homenageados est\u00e1 Pedro Bandarra Westphalen, ex-secret\u00e1rio da Agricultura do Estado e refer\u00eancia no setor.<\/p>\n\n\n\n<p>Entre as lideran\u00e7as presentes esteve o presidente da Cotrijal, Nei M\u00e2nica, um dos principais nomes ligados ao fortalecimento da feira e do cooperativismo no Estado. Tamb\u00e9m participaram da cerim\u00f4nia o senador Luis Carlos Heinze, o deputado estadual Rafael Braga, al\u00e9m de diversas lideran\u00e7as pol\u00edticas, representantes institucionais e autoridades regionais.<\/p>\n\n\n\n<p>O momento tamb\u00e9m contou com a presen\u00e7a de representantes pol\u00edticos do munic\u00edpio de Panambi, refor\u00e7ando a integra\u00e7\u00e3o regional e a import\u00e2ncia da Expodireto como um dos principais eventos do agroneg\u00f3cio da Am\u00e9rica Latina.<\/p>\n\n\n\n<p>Realizada anualmente em N\u00e3o-Me-Toque, a Expodireto Cotrijal re\u00fane produtores rurais, empresas, institui\u00e7\u00f5es financeiras e autoridades para debates, demonstra\u00e7\u00f5es tecnol\u00f3gicas e gera\u00e7\u00e3o de neg\u00f3cios voltados ao agroneg\u00f3cio. <em>( Fotos: Valmir Wegner&nbsp; ).<\/em><\/p>\n","protected":false},"excerpt":{"rendered":"<p>Al\u00e9m da programa\u00e7\u00e3o t\u00e9cnica e dos debates sobre o futuro do agroneg\u00f3cio, a 26\u00aa Expodireto Cotrijal tamb\u00e9m foi palco de um momento de reconhecimento a personalidades que marcaram a hist\u00f3ria do setor. Durante o evento, autoridades e lideran\u00e7as participaram da cerim\u00f4nia na Cal\u00e7ada da Fama do Agro, espa\u00e7o instalado no parque da feira em N\u00e3o-Me-Toque. [&hellip;]<\/p>\n","protected":false},"author":2,"featured_media":12489,"comment_status":"closed","ping_status":"open","sticky":false,"template":"","format":"standard","meta":{"footnotes":""},"categories":[32],"tags":[],"class_list":["post-12488","post","type-post","status-publish","format-standard","has-post-thumbnail","hentry","category-agro"],"_links":{"self":[{"href":"https:\/\/anoticiadovale.com.br\/index.php\/wp-json\/wp\/v2\/posts\/12488","targetHints":{"allow":["GET"]}}],"collection":[{"href":"https:\/\/anoticiadovale.com.br\/index.php\/wp-json\/wp\/v2\/posts"}],"about":[{"href":"https:\/\/anoticiadovale.com.br\/index.php\/wp-json\/wp\/v2\/types\/post"}],"author":[{"embeddable":true,"href":"https:\/\/anoticiadovale.com.br\/index.php\/wp-json\/wp\/v2\/users\/2"}],"replies":[{"embeddable":true,"href":"https:\/\/anoticiadovale.com.br\/index.php\/wp-json\/wp\/v2\/comments?post=12488"}],"version-history":[{"count":1,"href":"https:\/\/anoticiadovale.com.br\/index.php\/wp-json\/wp\/v2\/posts\/12488\/revisions"}],"predecessor-version":[{"id":12490,"href":"https:\/\/anoticiadovale.com.br\/index.php\/wp-json\/wp\/v2\/posts\/12488\/revisions\/12490"}],"wp:featuredmedia":[{"embeddable":true,"href":"https:\/\/anoticiadovale.com.br\/index.php\/wp-json\/wp\/v2\/media\/12489"}],"wp:attachment":[{"href":"https:\/\/anoticiadovale.com.br\/index.php\/wp-json\/wp\/v2\/media?parent=12488"}],"wp:term":[{"taxonomy":"category","embeddable":true,"href":"https:\/\/anoticiadovale.com.br\/index.php\/wp-json\/wp\/v2\/categories?post=12488"},{"taxonomy":"post_tag","embeddable":true,"href":"https:\/\/anoticiadovale.com.br\/index.php\/wp-json\/wp\/v2\/tags?post=12488"}],"curies":[{"name":"wp","href":"https:\/\/api.w.org\/{rel}","templated":true}]}}