{"id":12485,"date":"2026-03-10T15:15:12","date_gmt":"2026-03-10T18:15:12","guid":{"rendered":"https:\/\/anoticiadovale.com.br\/?p=12485"},"modified":"2026-03-10T15:15:16","modified_gmt":"2026-03-10T18:15:16","slug":"leite-defende-pacto-de-governabilidade-e-agenda-de-longo-prazo-para-o-brasil","status":"publish","type":"post","link":"https:\/\/anoticiadovale.com.br\/index.php\/2026\/03\/10\/leite-defende-pacto-de-governabilidade-e-agenda-de-longo-prazo-para-o-brasil\/","title":{"rendered":"Leite defende pacto de governabilidade e agenda de longo prazo para o Brasil"},"content":{"rendered":"\n<p><strong><em>Governador participou de painel na Associa\u00e7\u00e3o Comercial de S\u00e3o Paulo, ao lado de Ratinho J\u00fanior e Ronaldo Caiado.<\/em><\/strong><\/p>\n\n\n\n<p>O governador Eduardo Leite defendeu, nesta segunda-feira (9\/3), a constru\u00e7\u00e3o de um novo pacto de governabilidade para restaurar o equil\u00edbrio institucional e criar condi\u00e7\u00f5es para que o Brasil desenvolva uma agenda de reformas e pol\u00edticas p\u00fablicas voltadas ao futuro. A manifesta\u00e7\u00e3o ocorreu durante painel promovido pela Associa\u00e7\u00e3o Comercial de S\u00e3o Paulo (ACSP), na capital paulista, o qual reuniu tamb\u00e9m os governadores Ratinho J\u00fanior, do Paran\u00e1, e Ronaldo Caiado, de Goi\u00e1s. O encontro discutiu propostas para o desenvolvimento do pa\u00eds e contou com a participa\u00e7\u00e3o de lideran\u00e7as empresariais e integrantes do Conselho Pol\u00edtico e Social da entidade.<\/p>\n\n\n\n<p>Durante sua exposi\u00e7\u00e3o, Leite argumentou que o Brasil precisa recuperar sua capacidade de decis\u00e3o e fortalecer as institui\u00e7\u00f5es para viabilizar um projeto nacional consistente. Segundo ele, reformas estruturais e pol\u00edticas p\u00fablicas eficazes exigem estabilidade institucional e previsibilidade.<\/p>\n\n\n\n<p>\u201cPrecisamos estabelecer um novo pacto de governabilidade e aprimoramento institucional. Sem isso, o pa\u00eds ter\u00e1 dificuldade de sustentar uma agenda de reformas profundas e de desenvolvimento\u201d, afirmou.<\/p>\n\n\n\n<p>O governador tamb\u00e9m ressaltou que a experi\u00eancia de dois mandatos \u00e0 frente do governo ga\u00facho demonstra como a combina\u00e7\u00e3o entre gest\u00e3o eficiente e articula\u00e7\u00e3o pol\u00edtica pode transformar a realidade do setor p\u00fablico. Ao assumir o Executivo estadual, lembrou, o Rio Grande do Sul enfrentava grave crise fiscal, com cerca de 80% da receita corrente l\u00edquida comprometida com a folha de pagamento e atrasos recorrentes no pagamento de sal\u00e1rios. A partir de reformas administrativas, previdenci\u00e1rias e de carreiras, al\u00e9m de privatiza\u00e7\u00f5es e medidas de ajuste fiscal, o Estado recuperou sua capacidade financeira e ampliou investimentos em \u00e1reas estrat\u00e9gicas.<\/p>\n\n\n\n<p>Com o reequil\u00edbrio das contas p\u00fablicas, o governo conseguiu elevar o n\u00edvel de investimentos, reduzir impostos e ampliar pol\u00edticas sociais, como o programa Devolve ICMS, de devolu\u00e7\u00e3o de imposto para fam\u00edlias de baixa renda. Leite destacou que esse processo tamb\u00e9m permitiu fortalecer pol\u00edticas p\u00fablicas essenciais, como seguran\u00e7a e educa\u00e7\u00e3o, al\u00e9m de impulsionar a produtividade e criar melhores condi\u00e7\u00f5es para o desenvolvimento sustent\u00e1vel.<\/p>\n\n\n\n<p><strong><em>Pol\u00edticas p\u00fablicas consistentes &#8211;<\/em><\/strong> O governador citou ainda os avan\u00e7os obtidos na seguran\u00e7a p\u00fablica, com forte redu\u00e7\u00e3o de indicadores de criminalidade a partir do programa RS Seguro, com um modelo baseado em governan\u00e7a, integra\u00e7\u00e3o das for\u00e7as policiais e uso de dados para orientar decis\u00f5es. Para ele, o exemplo demonstra que pol\u00edticas p\u00fablicas consistentes dependem n\u00e3o apenas de leis, mas de lideran\u00e7a pol\u00edtica e coordena\u00e7\u00e3o entre institui\u00e7\u00f5es.<\/p>\n\n\n\n<p>Ao abordar o cen\u00e1rio nacional, Leite afirmou que o pa\u00eds precisa romper com o ambiente de polariza\u00e7\u00e3o que domina o debate pol\u00edtico e impede a constru\u00e7\u00e3o de solu\u00e7\u00f5es estruturais. \u201cEstamos vivendo um ambiente em que se discute mais o desafeto do que o desafio. O Brasil precisa colocar sua energia em enfrentar os problemas reais do pa\u00eds, e n\u00e3o em tentar aniquilar advers\u00e1rios\u201d, disse.<\/p>\n\n\n\n<p>Conforme o governador, a supera\u00e7\u00e3o desse ambiente \u00e9 condi\u00e7\u00e3o para que o pa\u00eds possa estabelecer agendas de longo prazo, necess\u00e1rias para enfrentar desafios estruturais como crescimento econ\u00f4mico, produtividade, seguran\u00e7a p\u00fablica e inclus\u00e3o social.<\/p>\n\n\n\n<p>\u201cNenhum desses temas se resolve em um \u00fanico mandato. Precisamos de projetos que ultrapassem ciclos eleitorais e sejam sustentados por estabilidade institucional e converg\u00eancia m\u00ednima entre diferentes for\u00e7as pol\u00edticas\u201d, afirmou.<\/p>\n\n\n\n<p>O evento reuniu cerca de 150 convidados, entre empres\u00e1rios, dirigentes e conselheiros da entidade, e teve como tema central \u201cPropostas para o Brasil\u201d. As apresenta\u00e7\u00f5es dos governadores foram seguidas por perguntas do p\u00fablico e considera\u00e7\u00f5es finais sobre os caminhos para o desenvolvimento econ\u00f4mico e institucional do pa\u00eds. <em>(fonte: Governo do Estado).<\/em><\/p>\n","protected":false},"excerpt":{"rendered":"<p>Governador participou de painel na Associa\u00e7\u00e3o Comercial de S\u00e3o Paulo, ao lado de Ratinho J\u00fanior e Ronaldo Caiado. O governador Eduardo Leite defendeu, nesta segunda-feira (9\/3), a constru\u00e7\u00e3o de um novo pacto de governabilidade para restaurar o equil\u00edbrio institucional e criar condi\u00e7\u00f5es para que o Brasil desenvolva uma agenda de reformas e pol\u00edticas p\u00fablicas voltadas [&hellip;]<\/p>\n","protected":false},"author":2,"featured_media":12486,"comment_status":"closed","ping_status":"open","sticky":false,"template":"","format":"standard","meta":{"footnotes":""},"categories":[29],"tags":[],"class_list":["post-12485","post","type-post","status-publish","format-standard","has-post-thumbnail","hentry","category-politica"],"_links":{"self":[{"href":"https:\/\/anoticiadovale.com.br\/index.php\/wp-json\/wp\/v2\/posts\/12485","targetHints":{"allow":["GET"]}}],"collection":[{"href":"https:\/\/anoticiadovale.com.br\/index.php\/wp-json\/wp\/v2\/posts"}],"about":[{"href":"https:\/\/anoticiadovale.com.br\/index.php\/wp-json\/wp\/v2\/types\/post"}],"author":[{"embeddable":true,"href":"https:\/\/anoticiadovale.com.br\/index.php\/wp-json\/wp\/v2\/users\/2"}],"replies":[{"embeddable":true,"href":"https:\/\/anoticiadovale.com.br\/index.php\/wp-json\/wp\/v2\/comments?post=12485"}],"version-history":[{"count":1,"href":"https:\/\/anoticiadovale.com.br\/index.php\/wp-json\/wp\/v2\/posts\/12485\/revisions"}],"predecessor-version":[{"id":12487,"href":"https:\/\/anoticiadovale.com.br\/index.php\/wp-json\/wp\/v2\/posts\/12485\/revisions\/12487"}],"wp:featuredmedia":[{"embeddable":true,"href":"https:\/\/anoticiadovale.com.br\/index.php\/wp-json\/wp\/v2\/media\/12486"}],"wp:attachment":[{"href":"https:\/\/anoticiadovale.com.br\/index.php\/wp-json\/wp\/v2\/media?parent=12485"}],"wp:term":[{"taxonomy":"category","embeddable":true,"href":"https:\/\/anoticiadovale.com.br\/index.php\/wp-json\/wp\/v2\/categories?post=12485"},{"taxonomy":"post_tag","embeddable":true,"href":"https:\/\/anoticiadovale.com.br\/index.php\/wp-json\/wp\/v2\/tags?post=12485"}],"curies":[{"name":"wp","href":"https:\/\/api.w.org\/{rel}","templated":true}]}}